{"id":3054,"date":"2026-03-25T17:22:34","date_gmt":"2026-03-25T16:22:34","guid":{"rendered":"https:\/\/agora.xtec.cat\/ceipnarcismonturiol\/?p=3054"},"modified":"2026-03-27T17:29:24","modified_gmt":"2026-03-27T16:29:24","slug":"descoberta-del-riu-4t","status":"publish","type":"post","link":"https:\/\/agora.xtec.cat\/ceipnarcismonturiol\/general\/descoberta-del-riu-4t\/","title":{"rendered":"DESCOBERTA DEL RIU &#8211; 4t"},"content":{"rendered":"<p><span style=\"font-weight: 400;\">el 25 de mar\u00e7, els i les alumnes de <\/span><b>4t<\/b><span style=\"font-weight: 400;\"> vam gaudir de la sortida <\/span><b>\u201cLa descoberta del riu\u201d<\/b><span style=\"font-weight: 400;\">, una experi\u00e8ncia molt enriquidora.<\/span><\/p>\n<p><span style=\"font-weight: 400;\">La jornada va comen\u00e7ar amb una introducci\u00f3 al parc natural, on vam reflexionar sobre la import\u00e0ncia de respectar l\u2019entorn i vam aprendre qu\u00e8 es pot fer i qu\u00e8 no dins d\u2019aquest espai protegit. Tot seguit, vam participar en un interessant <\/span><b>taller d\u2019observaci\u00f3 de fauna vertebrada<\/b><span style=\"font-weight: 400;\">, que ens va permetre con\u00e8ixer millor alguns dels animals que viuen en aquest ecosistema. Vam continuar amb una activitat molt esperada: la <\/span><b>pesca amb salabrets<\/b><span style=\"font-weight: 400;\">. Vam recollir petites mostres del riu i, posteriorment, vam fer la <\/span><b>classificaci\u00f3 i identificaci\u00f3 de la fauna invertebrada<\/b><span style=\"font-weight: 400;\">, descobrint la gran diversitat d\u2019\u00e9ssers vius que habiten aquest medi.<\/span><\/p>\n<p><span style=\"font-weight: 400;\">Va ser una sortida molt profitosa, on els alumnes van aprendre de manera pr\u00e0ctica i vivencial, tot fomentant el respecte pel medi ambient i el treball en equip. Sens dubte, una experi\u00e8ncia que recordarem! <\/span><\/p>\n<p><a href=\"https:\/\/agora.xtec.cat\/ceipnarcismonturiol\/?p=3055&amp;preview=true\"><img loading=\"lazy\" decoding=\"async\" class=\" wp-image-3056 aligncenter\" src=\"https:\/\/agora.xtec.cat\/ceipnarcismonturiol\/wp-content\/uploads\/usu821\/2026\/03\/Captura-de-pantalla-2026-03-27-172358.png\" alt=\"\" width=\"369\" height=\"445\" srcset=\"https:\/\/agora.xtec.cat\/ceipnarcismonturiol\/wp-content\/uploads\/usu821\/2026\/03\/Captura-de-pantalla-2026-03-27-172358.png 562w, https:\/\/agora.xtec.cat\/ceipnarcismonturiol\/wp-content\/uploads\/usu821\/2026\/03\/Captura-de-pantalla-2026-03-27-172358-249x300.png 249w\" sizes=\"auto, (max-width: 369px) 100vw, 369px\" \/><\/a><strong>Recordem que per visualitzar les imatges vau rebre un \u201cTokApp\u201d amb el codi per a accedir-hi.<\/strong><\/p>\n","protected":false},"excerpt":{"rendered":"<p>el 25 de mar\u00e7, els i les alumnes de 4t vam gaudir de la sortida \u201cLa descoberta del riu\u201d, una experi\u00e8ncia molt enriquidora.<br \/>\nLa jornada va comen\u00e7ar amb una introducci\u00f3 al parc natural, on vam reflexionar sobre la import\u00e0ncia de respectar l\u2019entorn i vam aprendre qu\u00e8&hellip;  <a href=\"https:\/\/agora.xtec.cat\/ceipnarcismonturiol\/general\/descoberta-del-riu-4t\/\" title=\"Read DESCOBERTA DEL RIU &#8211; 4t\">Llegeix m\u00e9s\u00bb<\/a><\/p>\n","protected":false},"author":1,"featured_media":3056,"comment_status":"closed","ping_status":"closed","sticky":false,"template":"","format":"standard","meta":{"_bbp_topic_count":0,"_bbp_reply_count":0,"_bbp_total_topic_count":0,"_bbp_total_reply_count":0,"_bbp_voice_count":0,"_bbp_anonymous_reply_count":0,"_bbp_topic_count_hidden":0,"_bbp_reply_count_hidden":0,"_bbp_forum_subforum_count":0,"footnotes":""},"categories":[1,4,5],"tags":[],"class_list":["post-3054","post","type-post","status-publish","format-standard","has-post-thumbnail","hentry","category-general","category-portada","category-primaria"],"post_mailing_queue_ids":[],"_links":{"self":[{"href":"https:\/\/agora.xtec.cat\/ceipnarcismonturiol\/wp-json\/wp\/v2\/posts\/3054","targetHints":{"allow":["GET"]}}],"collection":[{"href":"https:\/\/agora.xtec.cat\/ceipnarcismonturiol\/wp-json\/wp\/v2\/posts"}],"about":[{"href":"https:\/\/agora.xtec.cat\/ceipnarcismonturiol\/wp-json\/wp\/v2\/types\/post"}],"author":[{"embeddable":true,"href":"https:\/\/agora.xtec.cat\/ceipnarcismonturiol\/wp-json\/wp\/v2\/users\/1"}],"replies":[{"embeddable":true,"href":"https:\/\/agora.xtec.cat\/ceipnarcismonturiol\/wp-json\/wp\/v2\/comments?post=3054"}],"version-history":[{"count":1,"href":"https:\/\/agora.xtec.cat\/ceipnarcismonturiol\/wp-json\/wp\/v2\/posts\/3054\/revisions"}],"predecessor-version":[{"id":3059,"href":"https:\/\/agora.xtec.cat\/ceipnarcismonturiol\/wp-json\/wp\/v2\/posts\/3054\/revisions\/3059"}],"wp:featuredmedia":[{"embeddable":true,"href":"https:\/\/agora.xtec.cat\/ceipnarcismonturiol\/wp-json\/wp\/v2\/media\/3056"}],"wp:attachment":[{"href":"https:\/\/agora.xtec.cat\/ceipnarcismonturiol\/wp-json\/wp\/v2\/media?parent=3054"}],"wp:term":[{"taxonomy":"category","embeddable":true,"href":"https:\/\/agora.xtec.cat\/ceipnarcismonturiol\/wp-json\/wp\/v2\/categories?post=3054"},{"taxonomy":"post_tag","embeddable":true,"href":"https:\/\/agora.xtec.cat\/ceipnarcismonturiol\/wp-json\/wp\/v2\/tags?post=3054"}],"curies":[{"name":"wp","href":"https:\/\/api.w.org\/{rel}","templated":true}]}}