{"id":3019,"date":"2026-03-16T12:01:21","date_gmt":"2026-03-16T11:01:21","guid":{"rendered":"https:\/\/agora.xtec.cat\/ceipnarcismonturiol\/?p=3019"},"modified":"2026-03-16T12:02:19","modified_gmt":"2026-03-16T11:02:19","slug":"autor-joan-antoja-4t","status":"publish","type":"post","link":"https:\/\/agora.xtec.cat\/ceipnarcismonturiol\/general\/autor-joan-antoja-4t\/","title":{"rendered":"AUTOR JOAN ANTOJA &#8211; 4t"},"content":{"rendered":"<p><span style=\"font-weight: 400;\">Avui hem tingut la sort de rebre a l\u2019escola la visita de l\u2019autor Joan Antoja Mas, amb qui els alumnes han pogut gaudir d\u2019una activitat molt especial al voltant de la seva obra Bestial.<\/span><\/p>\n<p><span style=\"font-weight: 400;\">Durant la sessi\u00f3, l\u2019autor ens ha presentat aquest llibre tan original, que recull refranys i frases fetes inspirades en el m\u00f3n dels animals, pensades per compartir en fam\u00edlia. A m\u00e9s, l\u2019obra tamb\u00e9 inclou faules, rondalles, poemes, llegendes i tradicions populars que ens apropen a la riquesa de la nostra cultura.<\/span><\/p>\n<p><span style=\"font-weight: 400;\">Els alumnes han participat activament en diferents activitats ling\u00fc\u00edstiques proposades per l\u2019autor, molt enginyoses i estimulants, que els han perm\u00e8s jugar amb les paraules, descobrir noves expressions i ampliar el seu vocabulari.<\/span><\/p>\n<p><span style=\"font-weight: 400;\">Ha estat una proposta did\u00e0ctica, entretinguda i molt visual que ha despertat la curiositat dels infants i els ha ajudat a con\u00e8ixer millor textos vinculats amb la cultura popular. Sens dubte, una experi\u00e8ncia molt enriquidora que ens anima a continuar gaudint de la lectura i de la llengua.\u00a0<\/span><\/p>\n<p><a href=\"https:\/\/agora.xtec.cat\/ceipnarcismonturiol\/?p=3023&amp;preview=true\"><img loading=\"lazy\" decoding=\"async\" class=\"size-full wp-image-3020 aligncenter\" src=\"https:\/\/agora.xtec.cat\/ceipnarcismonturiol\/wp-content\/uploads\/usu821\/2026\/03\/Captura-de-pantalla-2026-03-16-115736.png\" alt=\"\" width=\"327\" height=\"428\" srcset=\"https:\/\/agora.xtec.cat\/ceipnarcismonturiol\/wp-content\/uploads\/usu821\/2026\/03\/Captura-de-pantalla-2026-03-16-115736.png 327w, https:\/\/agora.xtec.cat\/ceipnarcismonturiol\/wp-content\/uploads\/usu821\/2026\/03\/Captura-de-pantalla-2026-03-16-115736-229x300.png 229w\" sizes=\"auto, (max-width: 327px) 100vw, 327px\" \/><\/a><\/p>\n<p><strong>Recordem que per visualitzar les imatges vau rebre un \u201cTokApp\u201d amb el codi per a accedir-hi.\u00a0<\/strong><\/p>\n","protected":false},"excerpt":{"rendered":"<p>Avui hem tingut la sort de rebre a l\u2019escola la visita de l\u2019autor Joan Antoja Mas, amb qui els alumnes han pogut gaudir d\u2019una activitat molt especial al voltant de la seva obra Bestial.<br \/>\nDurant la sessi\u00f3, l\u2019autor ens ha presentat aquest llibre tan original, que&hellip;  <a href=\"https:\/\/agora.xtec.cat\/ceipnarcismonturiol\/general\/autor-joan-antoja-4t\/\" title=\"Read AUTOR JOAN ANTOJA &#8211; 4t\">Llegeix m\u00e9s\u00bb<\/a><\/p>\n","protected":false},"author":1,"featured_media":3020,"comment_status":"closed","ping_status":"closed","sticky":false,"template":"","format":"standard","meta":{"_bbp_topic_count":0,"_bbp_reply_count":0,"_bbp_total_topic_count":0,"_bbp_total_reply_count":0,"_bbp_voice_count":0,"_bbp_anonymous_reply_count":0,"_bbp_topic_count_hidden":0,"_bbp_reply_count_hidden":0,"_bbp_forum_subforum_count":0,"footnotes":""},"categories":[12,1,4,5],"tags":[],"class_list":["post-3019","post","type-post","status-publish","format-standard","has-post-thumbnail","hentry","category-cm","category-general","category-portada","category-primaria"],"post_mailing_queue_ids":[],"_links":{"self":[{"href":"https:\/\/agora.xtec.cat\/ceipnarcismonturiol\/wp-json\/wp\/v2\/posts\/3019","targetHints":{"allow":["GET"]}}],"collection":[{"href":"https:\/\/agora.xtec.cat\/ceipnarcismonturiol\/wp-json\/wp\/v2\/posts"}],"about":[{"href":"https:\/\/agora.xtec.cat\/ceipnarcismonturiol\/wp-json\/wp\/v2\/types\/post"}],"author":[{"embeddable":true,"href":"https:\/\/agora.xtec.cat\/ceipnarcismonturiol\/wp-json\/wp\/v2\/users\/1"}],"replies":[{"embeddable":true,"href":"https:\/\/agora.xtec.cat\/ceipnarcismonturiol\/wp-json\/wp\/v2\/comments?post=3019"}],"version-history":[{"count":2,"href":"https:\/\/agora.xtec.cat\/ceipnarcismonturiol\/wp-json\/wp\/v2\/posts\/3019\/revisions"}],"predecessor-version":[{"id":3026,"href":"https:\/\/agora.xtec.cat\/ceipnarcismonturiol\/wp-json\/wp\/v2\/posts\/3019\/revisions\/3026"}],"wp:featuredmedia":[{"embeddable":true,"href":"https:\/\/agora.xtec.cat\/ceipnarcismonturiol\/wp-json\/wp\/v2\/media\/3020"}],"wp:attachment":[{"href":"https:\/\/agora.xtec.cat\/ceipnarcismonturiol\/wp-json\/wp\/v2\/media?parent=3019"}],"wp:term":[{"taxonomy":"category","embeddable":true,"href":"https:\/\/agora.xtec.cat\/ceipnarcismonturiol\/wp-json\/wp\/v2\/categories?post=3019"},{"taxonomy":"post_tag","embeddable":true,"href":"https:\/\/agora.xtec.cat\/ceipnarcismonturiol\/wp-json\/wp\/v2\/tags?post=3019"}],"curies":[{"name":"wp","href":"https:\/\/api.w.org\/{rel}","templated":true}]}}