{"id":3008,"date":"2026-03-06T17:17:09","date_gmt":"2026-03-06T16:17:09","guid":{"rendered":"https:\/\/agora.xtec.cat\/ceipnarcismonturiol\/?p=3008"},"modified":"2026-03-06T17:17:09","modified_gmt":"2026-03-06T16:17:09","slug":"missio-h2o-4t","status":"publish","type":"post","link":"https:\/\/agora.xtec.cat\/ceipnarcismonturiol\/general\/missio-h2o-4t\/","title":{"rendered":"MISSI\u00d3 H2O &#8211; 4t"},"content":{"rendered":"<p><span style=\"font-weight: 400;\">Avui l\u2019alumnat ha participat en l\u2019activitat educativa <\/span><b>Missi\u00f3 H2O<\/b><span style=\"font-weight: 400;\">, una proposta din\u00e0mica i participativa per con\u00e8ixer millor el cicle de l\u2019aigua i la import\u00e0ncia de fer-ne un \u00fas responsable.<\/span><\/p>\n<p><span style=\"font-weight: 400;\">A trav\u00e9s de reptes, experiments i din\u00e0miques en grup, els infants han descobert d\u2019on ve l\u2019aigua que arriba a casa nostra, quin proc\u00e9s segueix per ser potable i qu\u00e8 passa un cop la fem servir. Tamb\u00e9 han reflexionat sobre la necessitat d\u2019estalviar aigua i adoptar h\u00e0bits sostenibles en el dia a dia.<\/span><\/p>\n<p><span style=\"font-weight: 400;\">L\u2019activitat ha fomentat la curiositat cient\u00edfica, el treball cooperatiu i la consci\u00e8ncia ambiental, ajudant l\u2019alumnat a entendre que l\u2019aigua \u00e9s un recurs essencial i limitat que hem de protegir entre tots.<\/span><\/p>\n<p><span style=\"font-weight: 400;\">Ha estat una experi\u00e8ncia enriquidora i molt motivadora que ens anima a continuar treballant per un futur m\u00e9s sostenible.<\/span><\/p>\n<p style=\"text-align: center;\"><a href=\"https:\/\/agora.xtec.cat\/ceipnarcismonturiol\/?p=3010&amp;preview=true\"><img loading=\"lazy\" decoding=\"async\" class=\"alignnone  wp-image-3009\" src=\"https:\/\/agora.xtec.cat\/ceipnarcismonturiol\/wp-content\/uploads\/usu821\/2026\/03\/Captura-de-pantalla-2026-03-06-171533.png\" alt=\"\" width=\"594\" height=\"415\" srcset=\"https:\/\/agora.xtec.cat\/ceipnarcismonturiol\/wp-content\/uploads\/usu821\/2026\/03\/Captura-de-pantalla-2026-03-06-171533.png 884w, https:\/\/agora.xtec.cat\/ceipnarcismonturiol\/wp-content\/uploads\/usu821\/2026\/03\/Captura-de-pantalla-2026-03-06-171533-300x210.png 300w, https:\/\/agora.xtec.cat\/ceipnarcismonturiol\/wp-content\/uploads\/usu821\/2026\/03\/Captura-de-pantalla-2026-03-06-171533-768x537.png 768w\" sizes=\"auto, (max-width: 594px) 100vw, 594px\" \/><\/a><\/p>\n<p><strong>Recordem que per visualitzar les imatges vau rebre un \u201cTokApp\u201d amb el codi per a accedir-hi.\u00a0<\/strong><\/p>\n","protected":false},"excerpt":{"rendered":"<p>Avui l\u2019alumnat ha participat en l\u2019activitat educativa Missi\u00f3 H2O, una proposta din\u00e0mica i participativa per con\u00e8ixer millor el cicle de l\u2019aigua i la import\u00e0ncia de fer-ne un \u00fas responsable.<br \/>\nA trav\u00e9s de reptes, experiments i din\u00e0miques en grup, els infants han descobert d\u2019on ve l\u2019aigua que&hellip;  <a href=\"https:\/\/agora.xtec.cat\/ceipnarcismonturiol\/general\/missio-h2o-4t\/\" title=\"Read MISSI\u00d3 H2O &#8211; 4t\">Llegeix m\u00e9s\u00bb<\/a><\/p>\n","protected":false},"author":1,"featured_media":3009,"comment_status":"closed","ping_status":"closed","sticky":false,"template":"","format":"standard","meta":{"_bbp_topic_count":0,"_bbp_reply_count":0,"_bbp_total_topic_count":0,"_bbp_total_reply_count":0,"_bbp_voice_count":0,"_bbp_anonymous_reply_count":0,"_bbp_topic_count_hidden":0,"_bbp_reply_count_hidden":0,"_bbp_forum_subforum_count":0,"footnotes":""},"categories":[1,4,5],"tags":[],"class_list":["post-3008","post","type-post","status-publish","format-standard","has-post-thumbnail","hentry","category-general","category-portada","category-primaria"],"post_mailing_queue_ids":[],"_links":{"self":[{"href":"https:\/\/agora.xtec.cat\/ceipnarcismonturiol\/wp-json\/wp\/v2\/posts\/3008","targetHints":{"allow":["GET"]}}],"collection":[{"href":"https:\/\/agora.xtec.cat\/ceipnarcismonturiol\/wp-json\/wp\/v2\/posts"}],"about":[{"href":"https:\/\/agora.xtec.cat\/ceipnarcismonturiol\/wp-json\/wp\/v2\/types\/post"}],"author":[{"embeddable":true,"href":"https:\/\/agora.xtec.cat\/ceipnarcismonturiol\/wp-json\/wp\/v2\/users\/1"}],"replies":[{"embeddable":true,"href":"https:\/\/agora.xtec.cat\/ceipnarcismonturiol\/wp-json\/wp\/v2\/comments?post=3008"}],"version-history":[{"count":1,"href":"https:\/\/agora.xtec.cat\/ceipnarcismonturiol\/wp-json\/wp\/v2\/posts\/3008\/revisions"}],"predecessor-version":[{"id":3011,"href":"https:\/\/agora.xtec.cat\/ceipnarcismonturiol\/wp-json\/wp\/v2\/posts\/3008\/revisions\/3011"}],"wp:featuredmedia":[{"embeddable":true,"href":"https:\/\/agora.xtec.cat\/ceipnarcismonturiol\/wp-json\/wp\/v2\/media\/3009"}],"wp:attachment":[{"href":"https:\/\/agora.xtec.cat\/ceipnarcismonturiol\/wp-json\/wp\/v2\/media?parent=3008"}],"wp:term":[{"taxonomy":"category","embeddable":true,"href":"https:\/\/agora.xtec.cat\/ceipnarcismonturiol\/wp-json\/wp\/v2\/categories?post=3008"},{"taxonomy":"post_tag","embeddable":true,"href":"https:\/\/agora.xtec.cat\/ceipnarcismonturiol\/wp-json\/wp\/v2\/tags?post=3008"}],"curies":[{"name":"wp","href":"https:\/\/api.w.org\/{rel}","templated":true}]}}