{"id":2983,"date":"2026-03-02T09:42:24","date_gmt":"2026-03-02T08:42:24","guid":{"rendered":"https:\/\/agora.xtec.cat\/ceipnarcismonturiol\/?p=2983"},"modified":"2026-03-04T09:42:36","modified_gmt":"2026-03-04T08:42:36","slug":"el-missatge-del-mar-2n","status":"publish","type":"post","link":"https:\/\/agora.xtec.cat\/ceipnarcismonturiol\/general\/el-missatge-del-mar-2n\/","title":{"rendered":"EL MISSATGE DEL MAR &#8211; 2n"},"content":{"rendered":"<p><span style=\"font-weight: 400;\">Els nens i nenes de 2n de prim\u00e0ria han participat en l\u2019activitat <\/span><b>\u201cEl missatge del mar\u201d<\/b><span style=\"font-weight: 400;\"> a la Platja Nova de Roses, una experi\u00e8ncia per con\u00e8ixer i estimar millor el nostre entorn mar\u00ed.<\/span><\/p>\n<p><span style=\"font-weight: 400;\">Hem comen\u00e7at reflexionant sobre qu\u00e8 es pot fer i qu\u00e8 no es pot fer en un espai natural: respectar els animals, no arrencar plantes ni trepitjar-les, i no endur-nos \u00e9ssers vius del seu h\u00e0bitat. Han ent\u00e8s que cuidar la natura \u00e9s responsabilitat de tots.<\/span><\/p>\n<p><span style=\"font-weight: 400;\">Despr\u00e9s hem viscut una petita aventura buscant una ampolla amb un missatge secret que ens convidava a descobrir diferents elements de la platja. A partir d\u2019aqu\u00ed, hem observat i recollit petxines i altres tresors marins, valorant la riquesa i la import\u00e0ncia dels animals aqu\u00e0tics.<\/span><\/p>\n<p><span style=\"font-weight: 400;\">Tamb\u00e9 hem fet un joc de memory relacionant animals marins amb la seva refer\u00e8ncia terrestre, i hem acabat l\u2019activitat compartint reflexions sobre la import\u00e0ncia de protegir el mar.<\/span><\/p>\n<p><span style=\"font-weight: 400;\">Ha estat un mat\u00ed ple de descobertes i aprenentatges! \ud83c\udf0a\ud83d\udc1a<\/span><\/p>\n<p><a href=\"https:\/\/agora.xtec.cat\/ceipnarcismonturiol\/?p=2984&amp;preview=true\"><img loading=\"lazy\" decoding=\"async\" class=\" wp-image-2985 aligncenter\" src=\"https:\/\/agora.xtec.cat\/ceipnarcismonturiol\/wp-content\/uploads\/usu821\/2026\/03\/Captura-de-pantalla-2026-03-04-094017.png\" alt=\"\" width=\"338\" height=\"348\" srcset=\"https:\/\/agora.xtec.cat\/ceipnarcismonturiol\/wp-content\/uploads\/usu821\/2026\/03\/Captura-de-pantalla-2026-03-04-094017.png 563w, https:\/\/agora.xtec.cat\/ceipnarcismonturiol\/wp-content\/uploads\/usu821\/2026\/03\/Captura-de-pantalla-2026-03-04-094017-292x300.png 292w\" sizes=\"auto, (max-width: 338px) 100vw, 338px\" \/><\/a><\/p>\n<p><strong>Recordem que per visualitzar les imatges vau rebre un \u201cTokApp\u201d amb el codi per a accedir-hi.\u00a0<\/strong><\/p>\n","protected":false},"excerpt":{"rendered":"<p>Els nens i nenes de 2n de prim\u00e0ria han participat en l\u2019activitat \u201cEl missatge del mar\u201d a la Platja Nova de Roses, una experi\u00e8ncia per con\u00e8ixer i estimar millor el nostre entorn mar\u00ed.<br \/>\nHem comen\u00e7at reflexionant sobre qu\u00e8 es pot fer i qu\u00e8 no es pot&hellip;  <a href=\"https:\/\/agora.xtec.cat\/ceipnarcismonturiol\/general\/el-missatge-del-mar-2n\/\" title=\"Read EL MISSATGE DEL MAR &#8211; 2n\">Llegeix m\u00e9s\u00bb<\/a><\/p>\n","protected":false},"author":1,"featured_media":2985,"comment_status":"closed","ping_status":"closed","sticky":false,"template":"","format":"standard","meta":{"_bbp_topic_count":0,"_bbp_reply_count":0,"_bbp_total_topic_count":0,"_bbp_total_reply_count":0,"_bbp_voice_count":0,"_bbp_anonymous_reply_count":0,"_bbp_topic_count_hidden":0,"_bbp_reply_count_hidden":0,"_bbp_forum_subforum_count":0,"footnotes":""},"categories":[10,1,4,5],"tags":[],"class_list":["post-2983","post","type-post","status-publish","format-standard","has-post-thumbnail","hentry","category-ci","category-general","category-portada","category-primaria"],"post_mailing_queue_ids":[],"_links":{"self":[{"href":"https:\/\/agora.xtec.cat\/ceipnarcismonturiol\/wp-json\/wp\/v2\/posts\/2983","targetHints":{"allow":["GET"]}}],"collection":[{"href":"https:\/\/agora.xtec.cat\/ceipnarcismonturiol\/wp-json\/wp\/v2\/posts"}],"about":[{"href":"https:\/\/agora.xtec.cat\/ceipnarcismonturiol\/wp-json\/wp\/v2\/types\/post"}],"author":[{"embeddable":true,"href":"https:\/\/agora.xtec.cat\/ceipnarcismonturiol\/wp-json\/wp\/v2\/users\/1"}],"replies":[{"embeddable":true,"href":"https:\/\/agora.xtec.cat\/ceipnarcismonturiol\/wp-json\/wp\/v2\/comments?post=2983"}],"version-history":[{"count":1,"href":"https:\/\/agora.xtec.cat\/ceipnarcismonturiol\/wp-json\/wp\/v2\/posts\/2983\/revisions"}],"predecessor-version":[{"id":2986,"href":"https:\/\/agora.xtec.cat\/ceipnarcismonturiol\/wp-json\/wp\/v2\/posts\/2983\/revisions\/2986"}],"wp:featuredmedia":[{"embeddable":true,"href":"https:\/\/agora.xtec.cat\/ceipnarcismonturiol\/wp-json\/wp\/v2\/media\/2985"}],"wp:attachment":[{"href":"https:\/\/agora.xtec.cat\/ceipnarcismonturiol\/wp-json\/wp\/v2\/media?parent=2983"}],"wp:term":[{"taxonomy":"category","embeddable":true,"href":"https:\/\/agora.xtec.cat\/ceipnarcismonturiol\/wp-json\/wp\/v2\/categories?post=2983"},{"taxonomy":"post_tag","embeddable":true,"href":"https:\/\/agora.xtec.cat\/ceipnarcismonturiol\/wp-json\/wp\/v2\/tags?post=2983"}],"curies":[{"name":"wp","href":"https:\/\/api.w.org\/{rel}","templated":true}]}}