{"id":2973,"date":"2026-02-27T16:33:41","date_gmt":"2026-02-27T15:33:41","guid":{"rendered":"https:\/\/agora.xtec.cat\/ceipnarcismonturiol\/?p=2973"},"modified":"2026-02-27T16:33:59","modified_gmt":"2026-02-27T15:33:59","slug":"circ-a-girona-ci","status":"publish","type":"post","link":"https:\/\/agora.xtec.cat\/ceipnarcismonturiol\/general\/circ-a-girona-ci\/","title":{"rendered":"CIRC A GIRONA &#8211; CI"},"content":{"rendered":"<p><span style=\"font-weight: 400;\">Ahir, l\u2019alumnat de 1r i 2n vam viure una experi\u00e8ncia molt especial a Girona assistint al Festival Internacional del circ de Girona.\u00a0<\/span><\/p>\n<p><span style=\"font-weight: 400;\">Vam gaudir d\u2019un espectacle ple de talent, amb actuacions sorprenents d\u2019acr\u00f2bates, malabaristes i artistes d\u2019arreu del m\u00f3n que ens varen deixar bocabadats. Les llums, la m\u00fasica en directe i la m\u00e0gia del circ van convertir la jornada en un dia inoblidable.\u00a0<\/span><\/p>\n<p><a href=\"https:\/\/agora.xtec.cat\/ceipnarcismonturiol\/general\/circ-a-girona\/\"><img loading=\"lazy\" decoding=\"async\" class=\" wp-image-2976 aligncenter\" src=\"https:\/\/agora.xtec.cat\/ceipnarcismonturiol\/wp-content\/uploads\/usu821\/2026\/02\/Captura-de-pantalla-2026-02-27-114146.png\" alt=\"\" width=\"321\" height=\"429\" srcset=\"https:\/\/agora.xtec.cat\/ceipnarcismonturiol\/wp-content\/uploads\/usu821\/2026\/02\/Captura-de-pantalla-2026-02-27-114146.png 492w, https:\/\/agora.xtec.cat\/ceipnarcismonturiol\/wp-content\/uploads\/usu821\/2026\/02\/Captura-de-pantalla-2026-02-27-114146-225x300.png 225w\" sizes=\"auto, (max-width: 321px) 100vw, 321px\" \/><\/a><strong>Recordem que per visualitzar les imatges vau rebre un \u201cTokApp\u201d amb el codi per accedir-hi.<\/strong><\/p>\n","protected":false},"excerpt":{"rendered":"<p>Ahir, l\u2019alumnat de 1r i 2n vam viure una experi\u00e8ncia molt especial a Girona assistint al Festival Internacional del circ de Girona.\u00a0<br \/>\nVam gaudir d\u2019un espectacle ple de talent, amb actuacions sorprenents d\u2019acr\u00f2bates, malabaristes i artistes d\u2019arreu del m\u00f3n que ens varen deixar bocabadats. Les llums,&hellip;  <a href=\"https:\/\/agora.xtec.cat\/ceipnarcismonturiol\/general\/circ-a-girona-ci\/\" title=\"Read CIRC A GIRONA &#8211; CI\">Llegeix m\u00e9s\u00bb<\/a><\/p>\n","protected":false},"author":1,"featured_media":2976,"comment_status":"closed","ping_status":"closed","sticky":false,"template":"","format":"standard","meta":{"_bbp_topic_count":0,"_bbp_reply_count":0,"_bbp_total_topic_count":0,"_bbp_total_reply_count":0,"_bbp_voice_count":0,"_bbp_anonymous_reply_count":0,"_bbp_topic_count_hidden":0,"_bbp_reply_count_hidden":0,"_bbp_forum_subforum_count":0,"footnotes":""},"categories":[10,1,4,5],"tags":[],"class_list":["post-2973","post","type-post","status-publish","format-standard","has-post-thumbnail","hentry","category-ci","category-general","category-portada","category-primaria"],"post_mailing_queue_ids":[],"_links":{"self":[{"href":"https:\/\/agora.xtec.cat\/ceipnarcismonturiol\/wp-json\/wp\/v2\/posts\/2973","targetHints":{"allow":["GET"]}}],"collection":[{"href":"https:\/\/agora.xtec.cat\/ceipnarcismonturiol\/wp-json\/wp\/v2\/posts"}],"about":[{"href":"https:\/\/agora.xtec.cat\/ceipnarcismonturiol\/wp-json\/wp\/v2\/types\/post"}],"author":[{"embeddable":true,"href":"https:\/\/agora.xtec.cat\/ceipnarcismonturiol\/wp-json\/wp\/v2\/users\/1"}],"replies":[{"embeddable":true,"href":"https:\/\/agora.xtec.cat\/ceipnarcismonturiol\/wp-json\/wp\/v2\/comments?post=2973"}],"version-history":[{"count":1,"href":"https:\/\/agora.xtec.cat\/ceipnarcismonturiol\/wp-json\/wp\/v2\/posts\/2973\/revisions"}],"predecessor-version":[{"id":2977,"href":"https:\/\/agora.xtec.cat\/ceipnarcismonturiol\/wp-json\/wp\/v2\/posts\/2973\/revisions\/2977"}],"wp:featuredmedia":[{"embeddable":true,"href":"https:\/\/agora.xtec.cat\/ceipnarcismonturiol\/wp-json\/wp\/v2\/media\/2976"}],"wp:attachment":[{"href":"https:\/\/agora.xtec.cat\/ceipnarcismonturiol\/wp-json\/wp\/v2\/media?parent=2973"}],"wp:term":[{"taxonomy":"category","embeddable":true,"href":"https:\/\/agora.xtec.cat\/ceipnarcismonturiol\/wp-json\/wp\/v2\/categories?post=2973"},{"taxonomy":"post_tag","embeddable":true,"href":"https:\/\/agora.xtec.cat\/ceipnarcismonturiol\/wp-json\/wp\/v2\/tags?post=2973"}],"curies":[{"name":"wp","href":"https:\/\/api.w.org\/{rel}","templated":true}]}}