{"id":2909,"date":"2025-12-20T17:13:00","date_gmt":"2025-12-20T16:13:00","guid":{"rendered":"https:\/\/agora.xtec.cat\/ceipnarcismonturiol\/?p=2909"},"modified":"2025-12-20T17:13:27","modified_gmt":"2025-12-20T16:13:27","slug":"nadal-a-lescola-4","status":"publish","type":"post","link":"https:\/\/agora.xtec.cat\/ceipnarcismonturiol\/general\/nadal-a-lescola-4\/","title":{"rendered":"NADAL A L&#8217;ESCOLA!"},"content":{"rendered":"<p data-start=\"89\" data-end=\"457\">Ja tenim complet el recull de fotografies de les festes de Nadal, un \u00e0lbum que recull tots els moments especials que hem compartit durant aquestes dates tan significatives. En aquest recull hi trobareu les imatges dels tions, l\u2019arribada dels Reis, les cantades nadalenques i l\u2019activitat dels amics invisibles, entre moltes altres estones plenes d\u2019alegria i il\u00b7lusi\u00f3.<\/p>\n<p data-start=\"464\" data-end=\"706\">Cada fotografia reflecteix l\u2019ambient festiu, la participaci\u00f3 i les emocions viscudes al llarg de totes les activitats, aix\u00ed com els somriures, la complicitat i la conviv\u00e8ncia que han fet d\u2019aquest Nadal una experi\u00e8ncia especial per a tothom.<\/p>\n<p data-start=\"464\" data-end=\"706\"><a href=\"https:\/\/agora.xtec.cat\/ceipnarcismonturiol\/general\/nadal-a-lescola-3\/\"><img loading=\"lazy\" decoding=\"async\" class=\" wp-image-2913 aligncenter\" src=\"https:\/\/agora.xtec.cat\/ceipnarcismonturiol\/wp-content\/uploads\/usu821\/2025\/12\/1111111111.png\" alt=\"\" width=\"518\" height=\"324\" srcset=\"https:\/\/agora.xtec.cat\/ceipnarcismonturiol\/wp-content\/uploads\/usu821\/2025\/12\/1111111111.png 687w, https:\/\/agora.xtec.cat\/ceipnarcismonturiol\/wp-content\/uploads\/usu821\/2025\/12\/1111111111-300x188.png 300w\" sizes=\"auto, (max-width: 518px) 100vw, 518px\" \/><\/a><\/p>\n<p data-start=\"464\" data-end=\"706\"><strong>Recordem que per visualitzar les imatges vau rebre un \u201cTokApp\u201d amb el codi per accedir-hi.<\/strong><\/p>\n","protected":false},"excerpt":{"rendered":"<p>Ja tenim complet el recull de fotografies de les festes de Nadal, un \u00e0lbum que recull tots els moments especials que hem compartit durant aquestes dates tan significatives. En aquest recull hi trobareu les imatges dels tions, l\u2019arribada dels Reis, les cantades nadalenques i l\u2019activitat&hellip;  <a href=\"https:\/\/agora.xtec.cat\/ceipnarcismonturiol\/general\/nadal-a-lescola-4\/\" title=\"Read NADAL A L&#8217;ESCOLA!\">Llegeix m\u00e9s\u00bb<\/a><\/p>\n","protected":false},"author":1,"featured_media":2913,"comment_status":"closed","ping_status":"closed","sticky":false,"template":"","format":"standard","meta":{"_bbp_topic_count":0,"_bbp_reply_count":0,"_bbp_total_topic_count":0,"_bbp_total_reply_count":0,"_bbp_voice_count":0,"_bbp_anonymous_reply_count":0,"_bbp_topic_count_hidden":0,"_bbp_reply_count_hidden":0,"_bbp_forum_subforum_count":0,"footnotes":""},"categories":[7,1,2,4,5],"tags":[],"class_list":["post-2909","post","type-post","status-publish","format-standard","has-post-thumbnail","hentry","category-afa","category-general","category-infantil","category-portada","category-primaria"],"post_mailing_queue_ids":[],"_links":{"self":[{"href":"https:\/\/agora.xtec.cat\/ceipnarcismonturiol\/wp-json\/wp\/v2\/posts\/2909","targetHints":{"allow":["GET"]}}],"collection":[{"href":"https:\/\/agora.xtec.cat\/ceipnarcismonturiol\/wp-json\/wp\/v2\/posts"}],"about":[{"href":"https:\/\/agora.xtec.cat\/ceipnarcismonturiol\/wp-json\/wp\/v2\/types\/post"}],"author":[{"embeddable":true,"href":"https:\/\/agora.xtec.cat\/ceipnarcismonturiol\/wp-json\/wp\/v2\/users\/1"}],"replies":[{"embeddable":true,"href":"https:\/\/agora.xtec.cat\/ceipnarcismonturiol\/wp-json\/wp\/v2\/comments?post=2909"}],"version-history":[{"count":1,"href":"https:\/\/agora.xtec.cat\/ceipnarcismonturiol\/wp-json\/wp\/v2\/posts\/2909\/revisions"}],"predecessor-version":[{"id":2916,"href":"https:\/\/agora.xtec.cat\/ceipnarcismonturiol\/wp-json\/wp\/v2\/posts\/2909\/revisions\/2916"}],"wp:featuredmedia":[{"embeddable":true,"href":"https:\/\/agora.xtec.cat\/ceipnarcismonturiol\/wp-json\/wp\/v2\/media\/2913"}],"wp:attachment":[{"href":"https:\/\/agora.xtec.cat\/ceipnarcismonturiol\/wp-json\/wp\/v2\/media?parent=2909"}],"wp:term":[{"taxonomy":"category","embeddable":true,"href":"https:\/\/agora.xtec.cat\/ceipnarcismonturiol\/wp-json\/wp\/v2\/categories?post=2909"},{"taxonomy":"post_tag","embeddable":true,"href":"https:\/\/agora.xtec.cat\/ceipnarcismonturiol\/wp-json\/wp\/v2\/tags?post=2909"}],"curies":[{"name":"wp","href":"https:\/\/api.w.org\/{rel}","templated":true}]}}