{"id":2901,"date":"2025-11-21T08:53:09","date_gmt":"2025-11-21T07:53:09","guid":{"rendered":"https:\/\/agora.xtec.cat\/ceipnarcismonturiol\/?p=2901"},"modified":"2025-11-21T08:53:09","modified_gmt":"2025-11-21T07:53:09","slug":"un-dia-entre-granotes-daines-i-corrieols-i4","status":"publish","type":"post","link":"https:\/\/agora.xtec.cat\/ceipnarcismonturiol\/general\/un-dia-entre-granotes-daines-i-corrieols-i4\/","title":{"rendered":"UN DIA ENTRE GRANOTES, DAINES I CORRIEOLS  &#8211; I4"},"content":{"rendered":"<p><span style=\"font-weight: 400;\">Avui els infants d\u2019I4 hem viscut una jornada plena de descobertes als <\/span><b>Aiguamolls de l\u2019Empord\u00e0.<\/b><span style=\"font-weight: 400;\"> All\u00e0 ens han explicat la hist\u00f2ria del <\/span><i><span style=\"font-weight: 400;\">Corriol Aniol<\/span><\/i><span style=\"font-weight: 400;\">, un corriol camanegre que feia el niu a la platja i que sovint es trobava el seu espai alterat pels gossos, els banyistes o els tractors. A trav\u00e9s del seu relat, els infants han pogut comprendre la<\/span><b> import\u00e0ncia de respectar els espais naturals i entendre per qu\u00e8 els Aiguamolls s\u00f3n un entorn protegit.<\/b><\/p>\n<p><span style=\"font-weight: 400;\">Despr\u00e9s d\u2019escoltar la hist\u00f2ria, hem fet un recorregut per l\u2019espai i hem pogut observar diversos animals. Tot i l\u2019\u00e8poca de l\u2019any, hem tingut molta sort:<\/span><b> hem vist una granota verda, dues reinetes, molts \u00e0necs collverd i fins a quatre daines!\u00a0<\/b><\/p>\n<p><span style=\"font-weight: 400;\">Tamb\u00e9 hem aprofitat el dia per dinar a l\u2019aire lliure i\u00a0 jugar lliurement.<\/span><\/p>\n<p><span style=\"font-weight: 400;\">Us compartim algunes fotografies perqu\u00e8 pugueu veure com hem gaudit d\u2019aquesta sortida tan especial.<\/span><\/p>\n<p><a href=\"https:\/\/agora.xtec.cat\/ceipnarcismonturiol\/?p=2902&amp;preview=true\"><img loading=\"lazy\" decoding=\"async\" class=\" wp-image-2904 aligncenter\" src=\"https:\/\/agora.xtec.cat\/ceipnarcismonturiol\/wp-content\/uploads\/usu821\/2025\/11\/1111-2.png\" alt=\"\" width=\"408\" height=\"375\" srcset=\"https:\/\/agora.xtec.cat\/ceipnarcismonturiol\/wp-content\/uploads\/usu821\/2025\/11\/1111-2.png 576w, https:\/\/agora.xtec.cat\/ceipnarcismonturiol\/wp-content\/uploads\/usu821\/2025\/11\/1111-2-300x276.png 300w\" sizes=\"auto, (max-width: 408px) 100vw, 408px\" \/><\/a><\/p>\n<p><strong>Recordem que per visualitzar les imatges vau rebre un \u201cTokApp\u201d amb el codi per accedir-hi.<\/strong><\/p>\n","protected":false},"excerpt":{"rendered":"<p>Avui els infants d\u2019I4 hem viscut una jornada plena de descobertes als Aiguamolls de l\u2019Empord\u00e0. All\u00e0 ens han explicat la hist\u00f2ria del Corriol Aniol, un corriol camanegre que feia el niu a la platja i que sovint es trobava el seu espai alterat pels gossos,&hellip;  <a href=\"https:\/\/agora.xtec.cat\/ceipnarcismonturiol\/general\/un-dia-entre-granotes-daines-i-corrieols-i4\/\" title=\"Read UN DIA ENTRE GRANOTES, DAINES I CORRIEOLS  &#8211; I4\">Llegeix m\u00e9s\u00bb<\/a><\/p>\n","protected":false},"author":1,"featured_media":2904,"comment_status":"closed","ping_status":"closed","sticky":false,"template":"","format":"standard","meta":{"_bbp_topic_count":0,"_bbp_reply_count":0,"_bbp_total_topic_count":0,"_bbp_total_reply_count":0,"_bbp_voice_count":0,"_bbp_anonymous_reply_count":0,"_bbp_topic_count_hidden":0,"_bbp_reply_count_hidden":0,"_bbp_forum_subforum_count":0,"footnotes":""},"categories":[1,2,4],"tags":[],"class_list":["post-2901","post","type-post","status-publish","format-standard","has-post-thumbnail","hentry","category-general","category-infantil","category-portada"],"post_mailing_queue_ids":[],"_links":{"self":[{"href":"https:\/\/agora.xtec.cat\/ceipnarcismonturiol\/wp-json\/wp\/v2\/posts\/2901","targetHints":{"allow":["GET"]}}],"collection":[{"href":"https:\/\/agora.xtec.cat\/ceipnarcismonturiol\/wp-json\/wp\/v2\/posts"}],"about":[{"href":"https:\/\/agora.xtec.cat\/ceipnarcismonturiol\/wp-json\/wp\/v2\/types\/post"}],"author":[{"embeddable":true,"href":"https:\/\/agora.xtec.cat\/ceipnarcismonturiol\/wp-json\/wp\/v2\/users\/1"}],"replies":[{"embeddable":true,"href":"https:\/\/agora.xtec.cat\/ceipnarcismonturiol\/wp-json\/wp\/v2\/comments?post=2901"}],"version-history":[{"count":1,"href":"https:\/\/agora.xtec.cat\/ceipnarcismonturiol\/wp-json\/wp\/v2\/posts\/2901\/revisions"}],"predecessor-version":[{"id":2906,"href":"https:\/\/agora.xtec.cat\/ceipnarcismonturiol\/wp-json\/wp\/v2\/posts\/2901\/revisions\/2906"}],"wp:featuredmedia":[{"embeddable":true,"href":"https:\/\/agora.xtec.cat\/ceipnarcismonturiol\/wp-json\/wp\/v2\/media\/2904"}],"wp:attachment":[{"href":"https:\/\/agora.xtec.cat\/ceipnarcismonturiol\/wp-json\/wp\/v2\/media?parent=2901"}],"wp:term":[{"taxonomy":"category","embeddable":true,"href":"https:\/\/agora.xtec.cat\/ceipnarcismonturiol\/wp-json\/wp\/v2\/categories?post=2901"},{"taxonomy":"post_tag","embeddable":true,"href":"https:\/\/agora.xtec.cat\/ceipnarcismonturiol\/wp-json\/wp\/v2\/tags?post=2901"}],"curies":[{"name":"wp","href":"https:\/\/api.w.org\/{rel}","templated":true}]}}