{"id":2896,"date":"2025-11-20T17:40:38","date_gmt":"2025-11-20T16:40:38","guid":{"rendered":"https:\/\/agora.xtec.cat\/ceipnarcismonturiol\/?p=2896"},"modified":"2025-11-20T17:40:38","modified_gmt":"2025-11-20T16:40:38","slug":"tast-de-fruites-de-tardor-infantil","status":"publish","type":"post","link":"https:\/\/agora.xtec.cat\/ceipnarcismonturiol\/general\/tast-de-fruites-de-tardor-infantil\/","title":{"rendered":"TAST DE FRUITES DE TARDOR &#8211; INFANTIL"},"content":{"rendered":"<p><span style=\"font-weight: 400;\">Aquesta setmana els infants d\u2019I3, I4 i I5 han gaudit d\u2019una activitat molt especial:<strong> el <\/strong><\/span><strong><i>tast de fruites de tardor<\/i><\/strong><span style=\"font-weight: 400;\"><strong>.<\/strong> Hem pogut observar, manipular i descobrir els colors, les olors i les textures que ens ofereix aquesta estaci\u00f3, tot apropant-nos d\u2019una manera vivencial i significativa a l\u2019alimentaci\u00f3 saludable.<\/span><\/p>\n<p><span style=\"font-weight: 400;\">Amb molta curiositat, els infants han tastat diferents fruites com la magrana, el ra\u00efm, la pera, la poma o la mandarina. Ha estat una experi\u00e8ncia plena de sensacions i aprenentatges que hem volgut recollir amb algunes fotografies perqu\u00e8 pugueu veure com l\u2019han viscut.<\/span><\/p>\n<p><a href=\"https:\/\/agora.xtec.cat\/ceipnarcismonturiol\/?p=2898&amp;preview=true\"><img loading=\"lazy\" decoding=\"async\" class=\" wp-image-2897 aligncenter\" src=\"https:\/\/agora.xtec.cat\/ceipnarcismonturiol\/wp-content\/uploads\/usu821\/2025\/11\/1111-1.png\" alt=\"\" width=\"358\" height=\"429\" srcset=\"https:\/\/agora.xtec.cat\/ceipnarcismonturiol\/wp-content\/uploads\/usu821\/2025\/11\/1111-1.png 537w, https:\/\/agora.xtec.cat\/ceipnarcismonturiol\/wp-content\/uploads\/usu821\/2025\/11\/1111-1-250x300.png 250w\" sizes=\"auto, (max-width: 358px) 100vw, 358px\" \/><\/a><\/p>\n<p><strong>Recordem que per visualitzar les imatges vau rebre un \u201cTokApp\u201d amb el codi per accedir-hi.<\/strong><\/p>\n","protected":false},"excerpt":{"rendered":"<p>Aquesta setmana els infants d\u2019I3, I4 i I5 han gaudit d\u2019una activitat molt especial: el tast de fruites de tardor. Hem pogut observar, manipular i descobrir els colors, les olors i les textures que ens ofereix aquesta estaci\u00f3, tot apropant-nos d\u2019una manera vivencial i significativa&hellip;  <a href=\"https:\/\/agora.xtec.cat\/ceipnarcismonturiol\/general\/tast-de-fruites-de-tardor-infantil\/\" title=\"Read TAST DE FRUITES DE TARDOR &#8211; INFANTIL\">Llegeix m\u00e9s\u00bb<\/a><\/p>\n","protected":false},"author":1,"featured_media":2897,"comment_status":"closed","ping_status":"closed","sticky":false,"template":"","format":"standard","meta":{"_bbp_topic_count":0,"_bbp_reply_count":0,"_bbp_total_topic_count":0,"_bbp_total_reply_count":0,"_bbp_voice_count":0,"_bbp_anonymous_reply_count":0,"_bbp_topic_count_hidden":0,"_bbp_reply_count_hidden":0,"_bbp_forum_subforum_count":0,"footnotes":""},"categories":[1,2,4],"tags":[],"class_list":["post-2896","post","type-post","status-publish","format-standard","has-post-thumbnail","hentry","category-general","category-infantil","category-portada"],"post_mailing_queue_ids":[],"_links":{"self":[{"href":"https:\/\/agora.xtec.cat\/ceipnarcismonturiol\/wp-json\/wp\/v2\/posts\/2896","targetHints":{"allow":["GET"]}}],"collection":[{"href":"https:\/\/agora.xtec.cat\/ceipnarcismonturiol\/wp-json\/wp\/v2\/posts"}],"about":[{"href":"https:\/\/agora.xtec.cat\/ceipnarcismonturiol\/wp-json\/wp\/v2\/types\/post"}],"author":[{"embeddable":true,"href":"https:\/\/agora.xtec.cat\/ceipnarcismonturiol\/wp-json\/wp\/v2\/users\/1"}],"replies":[{"embeddable":true,"href":"https:\/\/agora.xtec.cat\/ceipnarcismonturiol\/wp-json\/wp\/v2\/comments?post=2896"}],"version-history":[{"count":1,"href":"https:\/\/agora.xtec.cat\/ceipnarcismonturiol\/wp-json\/wp\/v2\/posts\/2896\/revisions"}],"predecessor-version":[{"id":2900,"href":"https:\/\/agora.xtec.cat\/ceipnarcismonturiol\/wp-json\/wp\/v2\/posts\/2896\/revisions\/2900"}],"wp:featuredmedia":[{"embeddable":true,"href":"https:\/\/agora.xtec.cat\/ceipnarcismonturiol\/wp-json\/wp\/v2\/media\/2897"}],"wp:attachment":[{"href":"https:\/\/agora.xtec.cat\/ceipnarcismonturiol\/wp-json\/wp\/v2\/media?parent=2896"}],"wp:term":[{"taxonomy":"category","embeddable":true,"href":"https:\/\/agora.xtec.cat\/ceipnarcismonturiol\/wp-json\/wp\/v2\/categories?post=2896"},{"taxonomy":"post_tag","embeddable":true,"href":"https:\/\/agora.xtec.cat\/ceipnarcismonturiol\/wp-json\/wp\/v2\/tags?post=2896"}],"curies":[{"name":"wp","href":"https:\/\/api.w.org\/{rel}","templated":true}]}}