{"id":2878,"date":"2025-11-19T12:24:49","date_gmt":"2025-11-19T11:24:49","guid":{"rendered":"https:\/\/agora.xtec.cat\/ceipnarcismonturiol\/?p=2878"},"modified":"2025-11-19T16:50:37","modified_gmt":"2025-11-19T15:50:37","slug":"visita-al-museu-dali-i5","status":"publish","type":"post","link":"https:\/\/agora.xtec.cat\/ceipnarcismonturiol\/general\/visita-al-museu-dali-i5\/","title":{"rendered":"VISITA AL MUSEU DAL\u00cd &#8211; I5"},"content":{"rendered":"<p class=\"Textbody\"><span lang=\"CA\" style=\"font-family: 'Arial','sans-serif';\">La classe dels <em><span style=\"font-family: 'Arial','sans-serif';\">Artistes<\/span><\/em> d\u2019I5 vam realitzar una sortida al <span class=\"StrongEmphasis\">Museu Dal\u00ed de Figueres<\/span> per participar en l\u2019activitat <span class=\"StrongEmphasis\">\u201cBusca els tresors\u201d<\/span>. L\u2019objectiu principal de la visita era <span class=\"StrongEmphasis\">visualitzar i descobrir l\u2019obra de Salvador Dal\u00ed<\/span>, apropant-nos al seu univers creatiu i al moviment art\u00edstic del <span class=\"StrongEmphasis\">surrealisme<\/span>, del qual \u00e9s un dels seus m\u00e0xims representants.<\/span><\/p>\n<p class=\"Textbody\"><span lang=\"CA\" style=\"font-family: 'Arial','sans-serif';\">Al llarg del recorregut, els infants van explorar diversos espais i obres destacades del museu. Entre els elements que m\u00e9s van cridar l\u2019atenci\u00f3 hi ha el <span class=\"StrongEmphasis\">Cadillac<\/span>, la <span class=\"StrongEmphasis\">barca penjada<\/span>, el conegut <span class=\"StrongEmphasis\">pa dalini\u00e0<\/span> i diferents representacions de la seva musa, <span class=\"StrongEmphasis\">Gala<\/span>, figura essencial i recurrent en la seva traject\u00f2ria art\u00edstica.<\/span><\/p>\n<p class=\"Textbody\"><span lang=\"CA\" style=\"font-family: 'Arial','sans-serif';\">Un dels moments m\u00e9s especials de la visita va ser la descoberta de la <span class=\"StrongEmphasis\">\u201cMadonna de Portlligat\u201d<\/span>, una de les obres m\u00e9s emblem\u00e0tiques de Dal\u00ed. Tot i que actualment es troba <span class=\"StrongEmphasis\">en pr\u00e9stec<\/span>, vam poder con\u00e8ixer-ne la hist\u00f2ria, les caracter\u00edstiques i la seva import\u00e0ncia dins de la producci\u00f3 art\u00edstica daliniana.<\/span><\/p>\n<p class=\"Textbody\"><span lang=\"CA\" style=\"font-family: 'Arial','sans-serif';\">L\u2019activitat \u201cBusca els tresors\u201d va permetre als infants <span class=\"StrongEmphasis\">observar, preguntar, imaginar i interpretar<\/span> l\u2019art de manera activa. Va ser una sortida molt enriquidora, que <span class=\"StrongEmphasis\">vam gaudir molt<\/span> i que ens va <span class=\"StrongEmphasis\">motivar profundament<\/span> a seguir descobrint l\u2019art i la creativitat daliniana.<\/span><\/p>\n<p><a href=\"https:\/\/agora.xtec.cat\/ceipnarcismonturiol\/?p=2882&amp;preview=true\"><img loading=\"lazy\" decoding=\"async\" class=\" wp-image-2879 aligncenter\" src=\"https:\/\/agora.xtec.cat\/ceipnarcismonturiol\/wp-content\/uploads\/usu821\/2025\/11\/122.png\" alt=\"\" width=\"412\" height=\"418\" srcset=\"https:\/\/agora.xtec.cat\/ceipnarcismonturiol\/wp-content\/uploads\/usu821\/2025\/11\/122.png 509w, https:\/\/agora.xtec.cat\/ceipnarcismonturiol\/wp-content\/uploads\/usu821\/2025\/11\/122-295x300.png 295w\" sizes=\"auto, (max-width: 412px) 100vw, 412px\" \/><\/a><\/p>\n<p><strong>Recordem que per visualitzar les imatges vau rebre un \u201cTokApp\u201d amb el codi per accedir-hi.<\/strong><\/p>\n","protected":false},"excerpt":{"rendered":"<p>La classe dels Artistes d\u2019I5 vam realitzar una sortida al Museu Dal\u00ed de Figueres per participar en l\u2019activitat \u201cBusca els tresors\u201d. L\u2019objectiu principal de la visita era visualitzar i descobrir l\u2019obra de Salvador Dal\u00ed, apropant-nos al seu univers creatiu i al moviment art\u00edstic del surrealisme,&hellip;  <a href=\"https:\/\/agora.xtec.cat\/ceipnarcismonturiol\/general\/visita-al-museu-dali-i5\/\" title=\"Read VISITA AL MUSEU DAL\u00cd &#8211; I5\">Llegeix m\u00e9s\u00bb<\/a><\/p>\n","protected":false},"author":1,"featured_media":2879,"comment_status":"closed","ping_status":"closed","sticky":false,"template":"","format":"standard","meta":{"_bbp_topic_count":0,"_bbp_reply_count":0,"_bbp_total_topic_count":0,"_bbp_total_reply_count":0,"_bbp_voice_count":0,"_bbp_anonymous_reply_count":0,"_bbp_topic_count_hidden":0,"_bbp_reply_count_hidden":0,"_bbp_forum_subforum_count":0,"footnotes":""},"categories":[1,2,4],"tags":[],"class_list":["post-2878","post","type-post","status-publish","format-standard","has-post-thumbnail","hentry","category-general","category-infantil","category-portada"],"post_mailing_queue_ids":[],"_links":{"self":[{"href":"https:\/\/agora.xtec.cat\/ceipnarcismonturiol\/wp-json\/wp\/v2\/posts\/2878","targetHints":{"allow":["GET"]}}],"collection":[{"href":"https:\/\/agora.xtec.cat\/ceipnarcismonturiol\/wp-json\/wp\/v2\/posts"}],"about":[{"href":"https:\/\/agora.xtec.cat\/ceipnarcismonturiol\/wp-json\/wp\/v2\/types\/post"}],"author":[{"embeddable":true,"href":"https:\/\/agora.xtec.cat\/ceipnarcismonturiol\/wp-json\/wp\/v2\/users\/1"}],"replies":[{"embeddable":true,"href":"https:\/\/agora.xtec.cat\/ceipnarcismonturiol\/wp-json\/wp\/v2\/comments?post=2878"}],"version-history":[{"count":1,"href":"https:\/\/agora.xtec.cat\/ceipnarcismonturiol\/wp-json\/wp\/v2\/posts\/2878\/revisions"}],"predecessor-version":[{"id":2883,"href":"https:\/\/agora.xtec.cat\/ceipnarcismonturiol\/wp-json\/wp\/v2\/posts\/2878\/revisions\/2883"}],"wp:featuredmedia":[{"embeddable":true,"href":"https:\/\/agora.xtec.cat\/ceipnarcismonturiol\/wp-json\/wp\/v2\/media\/2879"}],"wp:attachment":[{"href":"https:\/\/agora.xtec.cat\/ceipnarcismonturiol\/wp-json\/wp\/v2\/media?parent=2878"}],"wp:term":[{"taxonomy":"category","embeddable":true,"href":"https:\/\/agora.xtec.cat\/ceipnarcismonturiol\/wp-json\/wp\/v2\/categories?post=2878"},{"taxonomy":"post_tag","embeddable":true,"href":"https:\/\/agora.xtec.cat\/ceipnarcismonturiol\/wp-json\/wp\/v2\/tags?post=2878"}],"curies":[{"name":"wp","href":"https:\/\/api.w.org\/{rel}","templated":true}]}}