{"id":2875,"date":"2025-11-14T12:25:06","date_gmt":"2025-11-14T11:25:06","guid":{"rendered":"https:\/\/agora.xtec.cat\/ceipnarcismonturiol\/?p=2875"},"modified":"2025-11-20T17:35:51","modified_gmt":"2025-11-20T16:35:51","slug":"sortida-al-parc-de-la-draga-cs","status":"publish","type":"post","link":"https:\/\/agora.xtec.cat\/ceipnarcismonturiol\/general\/sortida-al-parc-de-la-draga-cs\/","title":{"rendered":"SORTIDA AL PARC DE LA DRAGA &#8211; CS"},"content":{"rendered":"<p><span style=\"font-weight: 400;\">El passat dimecres 12 de novembre, l\u2019alumnat de 5\u00e8 i 6\u00e8 va gaudir d\u2019una sortida molt enriquidora a Banyoles. El grup de 5\u00e8 va visitar el Parc Neol\u00edtic de la Draga, on va poder descobrir com vivien les comunitats prehist\u00f2riques i participar en tallers centrats en les eines i les t\u00e8cniques que utilitzaven.\u00a0<\/span><\/p>\n<p><span style=\"font-weight: 400;\">Al mateix temps, el grup de 6\u00e8 va endinsar-se en la part m\u00e9s medieval de la ciutat, aprofundint en la hist\u00f2ria i l\u2019arquitectura d\u2019aquesta \u00e8poca. Tanmateix, va realitzar un taller de vitralls, que va permetre aprofundir en aquest tipus d\u2019art i entendre millor el seu proc\u00e9s de creaci\u00f3.\u00a0<\/span><\/p>\n<p><span style=\"font-weight: 400;\">En acabar les activitats, tot l\u2019alumnat va compartir l\u2019estona de dinar en un entorn natural magn\u00edfic, La Draga. Abans de tornar cap al centre, tamb\u00e9 van disposar d\u2019uns minuts de temps lliure per jugar, conversar i gaudir de la companyonia.\u00a0<\/span><\/p>\n<p><span style=\"font-weight: 400;\">Va ser una jornada plena d\u2019aprenentatges i bons moments, que segurament totes i tots recordarem amb il\u00b7lusi\u00f3.\u00a0<\/span><\/p>\n<p><a href=\"https:\/\/agora.xtec.cat\/ceipnarcismonturiol\/general\/sortida-al-parc-de-la-draga\/\"><img loading=\"lazy\" decoding=\"async\" class=\" wp-image-2894 aligncenter\" src=\"https:\/\/agora.xtec.cat\/ceipnarcismonturiol\/wp-content\/uploads\/usu821\/2025\/11\/1111.png\" alt=\"\" width=\"355\" height=\"453\" srcset=\"https:\/\/agora.xtec.cat\/ceipnarcismonturiol\/wp-content\/uploads\/usu821\/2025\/11\/1111.png 476w, https:\/\/agora.xtec.cat\/ceipnarcismonturiol\/wp-content\/uploads\/usu821\/2025\/11\/1111-235x300.png 235w\" sizes=\"auto, (max-width: 355px) 100vw, 355px\" \/><\/a><\/p>\n<p><strong>Recordem que per visualitzar les imatges vau rebre un \u201cTokApp\u201d amb el codi per accedir-hi.<\/strong><\/p>\n","protected":false},"excerpt":{"rendered":"<p>El passat dimecres 12 de novembre, l\u2019alumnat de 5\u00e8 i 6\u00e8 va gaudir d\u2019una sortida molt enriquidora a Banyoles. El grup de 5\u00e8 va visitar el Parc Neol\u00edtic de la Draga, on va poder descobrir com vivien les comunitats prehist\u00f2riques i participar en tallers centrats&hellip;  <a href=\"https:\/\/agora.xtec.cat\/ceipnarcismonturiol\/general\/sortida-al-parc-de-la-draga-cs\/\" title=\"Read SORTIDA AL PARC DE LA DRAGA &#8211; CS\">Llegeix m\u00e9s\u00bb<\/a><\/p>\n","protected":false},"author":1,"featured_media":2894,"comment_status":"closed","ping_status":"closed","sticky":false,"template":"","format":"standard","meta":{"_bbp_topic_count":0,"_bbp_reply_count":0,"_bbp_total_topic_count":0,"_bbp_total_reply_count":0,"_bbp_voice_count":0,"_bbp_anonymous_reply_count":0,"_bbp_topic_count_hidden":0,"_bbp_reply_count_hidden":0,"_bbp_forum_subforum_count":0,"footnotes":""},"categories":[1,4,5],"tags":[],"class_list":["post-2875","post","type-post","status-publish","format-standard","has-post-thumbnail","hentry","category-general","category-portada","category-primaria"],"post_mailing_queue_ids":[],"_links":{"self":[{"href":"https:\/\/agora.xtec.cat\/ceipnarcismonturiol\/wp-json\/wp\/v2\/posts\/2875","targetHints":{"allow":["GET"]}}],"collection":[{"href":"https:\/\/agora.xtec.cat\/ceipnarcismonturiol\/wp-json\/wp\/v2\/posts"}],"about":[{"href":"https:\/\/agora.xtec.cat\/ceipnarcismonturiol\/wp-json\/wp\/v2\/types\/post"}],"author":[{"embeddable":true,"href":"https:\/\/agora.xtec.cat\/ceipnarcismonturiol\/wp-json\/wp\/v2\/users\/1"}],"replies":[{"embeddable":true,"href":"https:\/\/agora.xtec.cat\/ceipnarcismonturiol\/wp-json\/wp\/v2\/comments?post=2875"}],"version-history":[{"count":2,"href":"https:\/\/agora.xtec.cat\/ceipnarcismonturiol\/wp-json\/wp\/v2\/posts\/2875\/revisions"}],"predecessor-version":[{"id":2895,"href":"https:\/\/agora.xtec.cat\/ceipnarcismonturiol\/wp-json\/wp\/v2\/posts\/2875\/revisions\/2895"}],"wp:featuredmedia":[{"embeddable":true,"href":"https:\/\/agora.xtec.cat\/ceipnarcismonturiol\/wp-json\/wp\/v2\/media\/2894"}],"wp:attachment":[{"href":"https:\/\/agora.xtec.cat\/ceipnarcismonturiol\/wp-json\/wp\/v2\/media?parent=2875"}],"wp:term":[{"taxonomy":"category","embeddable":true,"href":"https:\/\/agora.xtec.cat\/ceipnarcismonturiol\/wp-json\/wp\/v2\/categories?post=2875"},{"taxonomy":"post_tag","embeddable":true,"href":"https:\/\/agora.xtec.cat\/ceipnarcismonturiol\/wp-json\/wp\/v2\/tags?post=2875"}],"curies":[{"name":"wp","href":"https:\/\/api.w.org\/{rel}","templated":true}]}}