{"id":2869,"date":"2025-11-14T19:29:21","date_gmt":"2025-11-14T18:29:21","guid":{"rendered":"https:\/\/agora.xtec.cat\/ceipnarcismonturiol\/?p=2869"},"modified":"2025-11-14T19:29:21","modified_gmt":"2025-11-14T18:29:21","slug":"primer-consell-dalumnat-25-26","status":"publish","type":"post","link":"https:\/\/agora.xtec.cat\/ceipnarcismonturiol\/general\/primer-consell-dalumnat-25-26\/","title":{"rendered":"PRIMER CONSELL D&#8217;ALUMNAT  25-26"},"content":{"rendered":"<p data-start=\"85\" data-end=\"430\">L\u2019alumnat d\u2019I5 \u2014en representaci\u00f3 d\u2019Educaci\u00f3 Infantil\u2014 i tots els cursos de Prim\u00e0ria han realitzat el seu primer Consell d\u2019Alumnes del curs. En aquesta trobada, els delegats i delegades, aix\u00ed com els subdelegats i subdelegades de cada grup, han pogut expressar dubtes, propostes i reflexions relacionades amb diversos aspectes de la vida escolar.<\/p>\n<p data-start=\"432\" data-end=\"830\">Entre els temes tractats, ha destacat el funcionament del pati, on l\u2019alumnat ha compartit inquietuds i suggeriments de millora; tamb\u00e9 han valorat positivament el sistema d\u2019entrades i sortides sense files, tot aportant punts de vista per continuar avan\u00e7ant; i finalment han fet una valoraci\u00f3 de la festa de la Castanyada, destacant all\u00f2 que ha funcionat i possibles idees per a futures celebracions.<\/p>\n<p data-start=\"832\" data-end=\"1171\">Des de l\u2019equip directiu, conjuntament amb la TIS de l\u2019escola, hem recollit totes aquestes aportacions. Les hem analitzat amb deteniment per tal de donar resposta a les necessitats i propostes que ens han transm\u00e8s, i seguirem treballant per millorar el dia a dia del centre amb la mirada i la veu de l\u2019alumnat al centre del proc\u00e9s educatiu.<\/p>\n<p><a href=\"https:\/\/agora.xtec.cat\/ceipnarcismonturiol\/general\/consell-alumnat\/\"><img loading=\"lazy\" decoding=\"async\" class=\" wp-image-2873 aligncenter\" src=\"https:\/\/agora.xtec.cat\/ceipnarcismonturiol\/wp-content\/uploads\/usu821\/2025\/11\/222.png\" alt=\"\" width=\"451\" height=\"286\" srcset=\"https:\/\/agora.xtec.cat\/ceipnarcismonturiol\/wp-content\/uploads\/usu821\/2025\/11\/222.png 840w, https:\/\/agora.xtec.cat\/ceipnarcismonturiol\/wp-content\/uploads\/usu821\/2025\/11\/222-300x190.png 300w, https:\/\/agora.xtec.cat\/ceipnarcismonturiol\/wp-content\/uploads\/usu821\/2025\/11\/222-768x486.png 768w\" sizes=\"auto, (max-width: 451px) 100vw, 451px\" \/><\/a><\/p>\n<p><strong>Recordem que per visualitzar les imatges vau rebre un \u201cTokApp\u201d amb el codi per accedir-hi.<\/strong><\/p>\n","protected":false},"excerpt":{"rendered":"<p>L\u2019alumnat d\u2019I5 \u2014en representaci\u00f3 d\u2019Educaci\u00f3 Infantil\u2014 i tots els cursos de Prim\u00e0ria han realitzat el seu primer Consell d\u2019Alumnes del curs. En aquesta trobada, els delegats i delegades, aix\u00ed com els subdelegats i subdelegades de cada grup, han pogut expressar dubtes, propostes i reflexions relacionades&hellip;  <a href=\"https:\/\/agora.xtec.cat\/ceipnarcismonturiol\/general\/primer-consell-dalumnat-25-26\/\" title=\"Read PRIMER CONSELL D&#8217;ALUMNAT  25-26\">Llegeix m\u00e9s\u00bb<\/a><\/p>\n","protected":false},"author":1,"featured_media":2873,"comment_status":"closed","ping_status":"closed","sticky":false,"template":"","format":"standard","meta":{"_bbp_topic_count":0,"_bbp_reply_count":0,"_bbp_total_topic_count":0,"_bbp_total_reply_count":0,"_bbp_voice_count":0,"_bbp_anonymous_reply_count":0,"_bbp_topic_count_hidden":0,"_bbp_reply_count_hidden":0,"_bbp_forum_subforum_count":0,"footnotes":""},"categories":[1,2,4,5],"tags":[],"class_list":["post-2869","post","type-post","status-publish","format-standard","has-post-thumbnail","hentry","category-general","category-infantil","category-portada","category-primaria"],"post_mailing_queue_ids":[],"_links":{"self":[{"href":"https:\/\/agora.xtec.cat\/ceipnarcismonturiol\/wp-json\/wp\/v2\/posts\/2869","targetHints":{"allow":["GET"]}}],"collection":[{"href":"https:\/\/agora.xtec.cat\/ceipnarcismonturiol\/wp-json\/wp\/v2\/posts"}],"about":[{"href":"https:\/\/agora.xtec.cat\/ceipnarcismonturiol\/wp-json\/wp\/v2\/types\/post"}],"author":[{"embeddable":true,"href":"https:\/\/agora.xtec.cat\/ceipnarcismonturiol\/wp-json\/wp\/v2\/users\/1"}],"replies":[{"embeddable":true,"href":"https:\/\/agora.xtec.cat\/ceipnarcismonturiol\/wp-json\/wp\/v2\/comments?post=2869"}],"version-history":[{"count":1,"href":"https:\/\/agora.xtec.cat\/ceipnarcismonturiol\/wp-json\/wp\/v2\/posts\/2869\/revisions"}],"predecessor-version":[{"id":2874,"href":"https:\/\/agora.xtec.cat\/ceipnarcismonturiol\/wp-json\/wp\/v2\/posts\/2869\/revisions\/2874"}],"wp:featuredmedia":[{"embeddable":true,"href":"https:\/\/agora.xtec.cat\/ceipnarcismonturiol\/wp-json\/wp\/v2\/media\/2873"}],"wp:attachment":[{"href":"https:\/\/agora.xtec.cat\/ceipnarcismonturiol\/wp-json\/wp\/v2\/media?parent=2869"}],"wp:term":[{"taxonomy":"category","embeddable":true,"href":"https:\/\/agora.xtec.cat\/ceipnarcismonturiol\/wp-json\/wp\/v2\/categories?post=2869"},{"taxonomy":"post_tag","embeddable":true,"href":"https:\/\/agora.xtec.cat\/ceipnarcismonturiol\/wp-json\/wp\/v2\/tags?post=2869"}],"curies":[{"name":"wp","href":"https:\/\/api.w.org\/{rel}","templated":true}]}}