{"id":2864,"date":"2025-11-14T16:56:47","date_gmt":"2025-11-14T15:56:47","guid":{"rendered":"https:\/\/agora.xtec.cat\/ceipnarcismonturiol\/?p=2864"},"modified":"2025-11-14T16:56:47","modified_gmt":"2025-11-14T15:56:47","slug":"la-barca-del-pescador-i4","status":"publish","type":"post","link":"https:\/\/agora.xtec.cat\/ceipnarcismonturiol\/general\/la-barca-del-pescador-i4\/","title":{"rendered":"LA BARCA DEL PESCADOR &#8211; I4"},"content":{"rendered":"<p><span style=\"font-weight: 400;\">Avui<\/span> <span style=\"font-weight: 400;\">hem fet una sortida molt especial amb el grup d\u2019I4: hem anat al <\/span><b>Port pesquer de Roses <\/b><span style=\"font-weight: 400;\">per participar en l\u2019activitat <\/span><b><i>La barca del pescador<\/i><\/b><b>.<\/b><span style=\"font-weight: 400;\"> Ha estat una oportunitat fant\u00e0stica per descobrir de ben a prop com treballen els pescadors del nostre poble.<\/span><\/p>\n<p><span style=\"font-weight: 400;\">Durant la visita hem pogut observar diferents tipus de barques i con\u00e8ixer alguns pescadors, que ens han explicat quin \u00e9s el seu dia a dia. Tamb\u00e9 hem vist les xarxes i altres estris que utilitzen per anar a pescar.<\/span><\/p>\n<p><span style=\"font-weight: 400;\">Un dels moments que m\u00e9s ens ha cridat l\u2019atenci\u00f3 ha estat la visita a la subhasta, on els pescadors venen el peix a les botigues. Tamb\u00e9 hem anat a la peixateria, un espai que tots coneixem, on nosaltres mateixos podem anar a comprar peix amb les fam\u00edlies.<\/span><\/p>\n<p><span style=\"font-weight: 400;\">Hem apr\u00e8s moltes coses de primera m\u00e0 i hem gaudit molt d\u2019aquesta experi\u00e8ncia tan enriquidora. Us compartim algunes fotos perqu\u00e8 pugueu veure com de b\u00e9 ens ho vam passar!<\/span><\/p>\n<p><a href=\"https:\/\/agora.xtec.cat\/ceipnarcismonturiol\/?p=2866&amp;preview=true\"><img loading=\"lazy\" decoding=\"async\" class=\" wp-image-2865 aligncenter\" src=\"https:\/\/agora.xtec.cat\/ceipnarcismonturiol\/wp-content\/uploads\/usu821\/2025\/11\/123.png\" alt=\"\" width=\"379\" height=\"358\" srcset=\"https:\/\/agora.xtec.cat\/ceipnarcismonturiol\/wp-content\/uploads\/usu821\/2025\/11\/123.png 573w, https:\/\/agora.xtec.cat\/ceipnarcismonturiol\/wp-content\/uploads\/usu821\/2025\/11\/123-300x283.png 300w\" sizes=\"auto, (max-width: 379px) 100vw, 379px\" \/><\/a><\/p>\n<p><strong>Recordem que per visualitzar les imatges vau rebre un \u201cTokApp\u201d amb el codi per accedir-hi.<\/strong><\/p>\n","protected":false},"excerpt":{"rendered":"<p>Avui hem fet una sortida molt especial amb el grup d\u2019I4: hem anat al Port pesquer de Roses per participar en l\u2019activitat La barca del pescador. Ha estat una oportunitat fant\u00e0stica per descobrir de ben a prop com treballen els pescadors del nostre poble.<br \/>\nDurant la&hellip;  <a href=\"https:\/\/agora.xtec.cat\/ceipnarcismonturiol\/general\/la-barca-del-pescador-i4\/\" title=\"Read LA BARCA DEL PESCADOR &#8211; I4\">Llegeix m\u00e9s\u00bb<\/a><\/p>\n","protected":false},"author":1,"featured_media":2865,"comment_status":"closed","ping_status":"closed","sticky":false,"template":"","format":"standard","meta":{"_bbp_topic_count":0,"_bbp_reply_count":0,"_bbp_total_topic_count":0,"_bbp_total_reply_count":0,"_bbp_voice_count":0,"_bbp_anonymous_reply_count":0,"_bbp_topic_count_hidden":0,"_bbp_reply_count_hidden":0,"_bbp_forum_subforum_count":0,"footnotes":""},"categories":[1,4,5],"tags":[],"class_list":["post-2864","post","type-post","status-publish","format-standard","has-post-thumbnail","hentry","category-general","category-portada","category-primaria"],"post_mailing_queue_ids":[],"_links":{"self":[{"href":"https:\/\/agora.xtec.cat\/ceipnarcismonturiol\/wp-json\/wp\/v2\/posts\/2864","targetHints":{"allow":["GET"]}}],"collection":[{"href":"https:\/\/agora.xtec.cat\/ceipnarcismonturiol\/wp-json\/wp\/v2\/posts"}],"about":[{"href":"https:\/\/agora.xtec.cat\/ceipnarcismonturiol\/wp-json\/wp\/v2\/types\/post"}],"author":[{"embeddable":true,"href":"https:\/\/agora.xtec.cat\/ceipnarcismonturiol\/wp-json\/wp\/v2\/users\/1"}],"replies":[{"embeddable":true,"href":"https:\/\/agora.xtec.cat\/ceipnarcismonturiol\/wp-json\/wp\/v2\/comments?post=2864"}],"version-history":[{"count":1,"href":"https:\/\/agora.xtec.cat\/ceipnarcismonturiol\/wp-json\/wp\/v2\/posts\/2864\/revisions"}],"predecessor-version":[{"id":2868,"href":"https:\/\/agora.xtec.cat\/ceipnarcismonturiol\/wp-json\/wp\/v2\/posts\/2864\/revisions\/2868"}],"wp:featuredmedia":[{"embeddable":true,"href":"https:\/\/agora.xtec.cat\/ceipnarcismonturiol\/wp-json\/wp\/v2\/media\/2865"}],"wp:attachment":[{"href":"https:\/\/agora.xtec.cat\/ceipnarcismonturiol\/wp-json\/wp\/v2\/media?parent=2864"}],"wp:term":[{"taxonomy":"category","embeddable":true,"href":"https:\/\/agora.xtec.cat\/ceipnarcismonturiol\/wp-json\/wp\/v2\/categories?post=2864"},{"taxonomy":"post_tag","embeddable":true,"href":"https:\/\/agora.xtec.cat\/ceipnarcismonturiol\/wp-json\/wp\/v2\/tags?post=2864"}],"curies":[{"name":"wp","href":"https:\/\/api.w.org\/{rel}","templated":true}]}}