{"id":2855,"date":"2025-11-04T20:09:37","date_gmt":"2025-11-04T19:09:37","guid":{"rendered":"https:\/\/agora.xtec.cat\/ceipnarcismonturiol\/?p=2855"},"modified":"2025-11-10T20:15:28","modified_gmt":"2025-11-10T19:15:28","slug":"la-castanyada-a-lescola","status":"publish","type":"post","link":"https:\/\/agora.xtec.cat\/ceipnarcismonturiol\/general\/la-castanyada-a-lescola\/","title":{"rendered":"LA CASTANYADA A L&#8217;ESCOLA"},"content":{"rendered":"<p data-start=\"190\" data-end=\"586\">Avui hem celebrat la festa de la Castanyada a l\u2019escola amb molta il\u00b7lusi\u00f3! Al llarg del mat\u00ed, hem gaudit d\u2019uns tallers intercicles molt divertits, hem fet un ball i hem gaudit amb la nostra estimada Castanyera i l&#8217;Esutaqui. Tamb\u00e9 hem viscut un dels moments m\u00e9s esperats: el lliurament dels premis del <em data-start=\"487\" data-end=\"504\">moniato creatiu<\/em>, que ens ha tornat a sorprendre amb la imaginaci\u00f3 i l\u2019enginy dels participants.<\/p>\n<p data-start=\"588\" data-end=\"842\">Les fam\u00edlies han tingut un paper molt especial en aquesta celebraci\u00f3. Gr\u00e0cies a la col\u00b7laboraci\u00f3 de l\u2019AFA, hem pogut compartir un dinar de germanor i tastar les delicioses castanyes i la xocolata desfeta que han preparat i repartit amb tanta dedicaci\u00f3.<\/p>\n<p data-start=\"844\" data-end=\"1043\">Des d\u2019aqu\u00ed volem agrair sincerament a l\u2019AFA tota la seva implicaci\u00f3 i suport en aquesta i tantes altres activitats de l\u2019escola. Gr\u00e0cies per fer possible moments com aquest \u2014sou fant\u00e0stics! \ud83d\udcaa\ud83c\udffc\ud83c\udf30\ud83c\udf6b<\/p>\n<p data-start=\"844\" data-end=\"1043\"><a href=\"https:\/\/agora.xtec.cat\/ceipnarcismonturiol\/?p=2857&amp;preview=true\"><img loading=\"lazy\" decoding=\"async\" class=\" wp-image-2858 aligncenter\" src=\"https:\/\/agora.xtec.cat\/ceipnarcismonturiol\/wp-content\/uploads\/usu821\/2025\/11\/WhatsApp-Image-2025-11-10-at-20.13.38-768x1024.jpeg\" alt=\"\" width=\"314\" height=\"419\" srcset=\"https:\/\/agora.xtec.cat\/ceipnarcismonturiol\/wp-content\/uploads\/usu821\/2025\/11\/WhatsApp-Image-2025-11-10-at-20.13.38-768x1024.jpeg 768w, https:\/\/agora.xtec.cat\/ceipnarcismonturiol\/wp-content\/uploads\/usu821\/2025\/11\/WhatsApp-Image-2025-11-10-at-20.13.38-225x300.jpeg 225w, https:\/\/agora.xtec.cat\/ceipnarcismonturiol\/wp-content\/uploads\/usu821\/2025\/11\/WhatsApp-Image-2025-11-10-at-20.13.38-1152x1536.jpeg 1152w, https:\/\/agora.xtec.cat\/ceipnarcismonturiol\/wp-content\/uploads\/usu821\/2025\/11\/WhatsApp-Image-2025-11-10-at-20.13.38.jpeg 1200w\" sizes=\"auto, (max-width: 314px) 100vw, 314px\" \/><\/a><\/p>\n<p data-start=\"844\" data-end=\"1043\"><strong>Recordem que per visualitzar les imatges vau rebre un \u201cTokApp\u201d amb el codi per accedir-hi.<\/strong><\/p>\n","protected":false},"excerpt":{"rendered":"<p>Avui hem celebrat la festa de la Castanyada a l\u2019escola amb molta il\u00b7lusi\u00f3! Al llarg del mat\u00ed, hem gaudit d\u2019uns tallers intercicles molt divertits, hem fet un ball i hem gaudit amb la nostra estimada Castanyera i l&#8217;Esutaqui. Tamb\u00e9 hem viscut un dels moments m\u00e9s&hellip;  <a href=\"https:\/\/agora.xtec.cat\/ceipnarcismonturiol\/general\/la-castanyada-a-lescola\/\" title=\"Read LA CASTANYADA A L&#8217;ESCOLA\">Llegeix m\u00e9s\u00bb<\/a><\/p>\n","protected":false},"author":1,"featured_media":2858,"comment_status":"closed","ping_status":"closed","sticky":false,"template":"","format":"standard","meta":{"_bbp_topic_count":0,"_bbp_reply_count":0,"_bbp_total_topic_count":0,"_bbp_total_reply_count":0,"_bbp_voice_count":0,"_bbp_anonymous_reply_count":0,"_bbp_topic_count_hidden":0,"_bbp_reply_count_hidden":0,"_bbp_forum_subforum_count":0,"footnotes":""},"categories":[1,2,4,5],"tags":[],"class_list":["post-2855","post","type-post","status-publish","format-standard","has-post-thumbnail","hentry","category-general","category-infantil","category-portada","category-primaria"],"post_mailing_queue_ids":[],"_links":{"self":[{"href":"https:\/\/agora.xtec.cat\/ceipnarcismonturiol\/wp-json\/wp\/v2\/posts\/2855","targetHints":{"allow":["GET"]}}],"collection":[{"href":"https:\/\/agora.xtec.cat\/ceipnarcismonturiol\/wp-json\/wp\/v2\/posts"}],"about":[{"href":"https:\/\/agora.xtec.cat\/ceipnarcismonturiol\/wp-json\/wp\/v2\/types\/post"}],"author":[{"embeddable":true,"href":"https:\/\/agora.xtec.cat\/ceipnarcismonturiol\/wp-json\/wp\/v2\/users\/1"}],"replies":[{"embeddable":true,"href":"https:\/\/agora.xtec.cat\/ceipnarcismonturiol\/wp-json\/wp\/v2\/comments?post=2855"}],"version-history":[{"count":1,"href":"https:\/\/agora.xtec.cat\/ceipnarcismonturiol\/wp-json\/wp\/v2\/posts\/2855\/revisions"}],"predecessor-version":[{"id":2859,"href":"https:\/\/agora.xtec.cat\/ceipnarcismonturiol\/wp-json\/wp\/v2\/posts\/2855\/revisions\/2859"}],"wp:featuredmedia":[{"embeddable":true,"href":"https:\/\/agora.xtec.cat\/ceipnarcismonturiol\/wp-json\/wp\/v2\/media\/2858"}],"wp:attachment":[{"href":"https:\/\/agora.xtec.cat\/ceipnarcismonturiol\/wp-json\/wp\/v2\/media?parent=2855"}],"wp:term":[{"taxonomy":"category","embeddable":true,"href":"https:\/\/agora.xtec.cat\/ceipnarcismonturiol\/wp-json\/wp\/v2\/categories?post=2855"},{"taxonomy":"post_tag","embeddable":true,"href":"https:\/\/agora.xtec.cat\/ceipnarcismonturiol\/wp-json\/wp\/v2\/tags?post=2855"}],"curies":[{"name":"wp","href":"https:\/\/api.w.org\/{rel}","templated":true}]}}