{"id":2850,"date":"2025-10-22T17:09:45","date_gmt":"2025-10-22T15:09:45","guid":{"rendered":"https:\/\/agora.xtec.cat\/ceipnarcismonturiol\/?p=2850"},"modified":"2025-10-22T17:09:45","modified_gmt":"2025-10-22T15:09:45","slug":"els-secrets-que-amaguen-les-paraules-4t-i-5e","status":"publish","type":"post","link":"https:\/\/agora.xtec.cat\/ceipnarcismonturiol\/general\/els-secrets-que-amaguen-les-paraules-4t-i-5e\/","title":{"rendered":"ELS SECRETS QUE AMAGUEN LES PARAULES &#8211; 4t i 5\u00e8"},"content":{"rendered":"<p><span style=\"font-weight: 400;\">El dimecres dia 15 d&#8217;octubre els\u00a0 alumnes de 4t i 5\u00e8 de prim\u00e0ria han pogut gaudir d&#8217;una activitat molt especial amb en <\/span><b>Joan i la Laura<\/b><span style=\"font-weight: 400;\">, que ens han convidat a descobrir <\/span><b>els secrets que amaguen les paraules<\/b><span style=\"font-weight: 400;\">. A trav\u00e9s de dues propostes molt diferents, per\u00f2 igualment fascinants, hem apr\u00e8s com el llenguatge i l&#8217;escriptura han estat eines essencials al llarg de la hist\u00f2ria i com, fins i tot avui dia, poden revelar m\u00e9s del que imaginem.<\/span><\/p>\n<p><span style=\"font-weight: 400;\">Hem iniciat un petit viatge a l&#8217;antiga <\/span><b>Mesopot\u00e0mia<\/b><span style=\"font-weight: 400;\"> per con\u00e8ixer l&#8217;origen de l&#8217;escriptura. Hem descobert com es va desenvolupar l\u2019<\/span><b>escriptura cune\u00efforme<\/b><span style=\"font-weight: 400;\">, qu\u00e8 eren els <\/span><b>pictogrames<\/b><span style=\"font-weight: 400;\"> i quin paper tenien els <\/span><b>tokens<\/b><span style=\"font-weight: 400;\"> en la comunicaci\u00f3 d\u2019aquella \u00e8poca. Finalment, hem pogut posar-nos en la pell dels primers escriptors realitzant un exercici pr\u00e0ctic sobre <\/span><b>argila<\/b><span style=\"font-weight: 400;\">, tot experimentant amb els s\u00edmbols i formes que van donar lloc a l\u2019escriptura que coneixem avui.<\/span><\/p>\n<p><span style=\"font-weight: 400;\">Ens hem convertit en <\/span><b>investigadors ling\u00fc\u00edstics<\/b><span style=\"font-weight: 400;\"> a trav\u00e9s d\u2019un simulacre d\u2019investigaci\u00f3 policial. Hem descobert com la <\/span><b>forma de parlar<\/b><span style=\"font-weight: 400;\"> pot delatar-nos i com els ling\u00fcistes analitzen les <\/span><b>caracter\u00edstiques de la veu<\/b><span style=\"font-weight: 400;\"> per identificar persones. Hem apr\u00e8s qu\u00e8 \u00e9s la <\/span><b>freq\u00fc\u00e8ncia (Hz)<\/b><span style=\"font-weight: 400;\">, com funcionen les <\/span><b>cordes vocals<\/b><span style=\"font-weight: 400;\"> i com es poden comparar diferents veus aplicant un m\u00e8tode cient\u00edfic d\u2019an\u00e0lisi.<\/span><\/p>\n<p><span style=\"font-weight: 400;\">Ha estat una experi\u00e8ncia <\/span><b>molt enriquidora i divertida<\/b><span style=\"font-weight: 400;\">, que ens ha perm\u00e8s aprendre jugant i reflexionar sobre el poder i la m\u00e0gia que s&#8217;amaga darrera les paraules.<\/span><\/p>\n<p>&nbsp;<\/p>\n<p><a href=\"https:\/\/agora.xtec.cat\/ceipnarcismonturiol\/?p=2852&amp;preview=true\"><img loading=\"lazy\" decoding=\"async\" class=\"size-full wp-image-2851 aligncenter\" src=\"https:\/\/agora.xtec.cat\/ceipnarcismonturiol\/wp-content\/uploads\/usu821\/2025\/10\/Captura-de-pantalla-2025-10-22-105319.png\" alt=\"\" width=\"551\" height=\"377\" srcset=\"https:\/\/agora.xtec.cat\/ceipnarcismonturiol\/wp-content\/uploads\/usu821\/2025\/10\/Captura-de-pantalla-2025-10-22-105319.png 551w, https:\/\/agora.xtec.cat\/ceipnarcismonturiol\/wp-content\/uploads\/usu821\/2025\/10\/Captura-de-pantalla-2025-10-22-105319-300x205.png 300w\" sizes=\"auto, (max-width: 551px) 100vw, 551px\" \/><\/a><\/p>\n<p><strong>Recordem que per visualitzar les imatges vau rebre un \u201cTokApp\u201d amb el codi per a accedir-hi.<\/strong><\/p>\n","protected":false},"excerpt":{"rendered":"<p>El dimecres dia 15 d&#8217;octubre els\u00a0 alumnes de 4t i 5\u00e8 de prim\u00e0ria han pogut gaudir d&#8217;una activitat molt especial amb en Joan i la Laura, que ens han convidat a descobrir els secrets que amaguen les paraules. A trav\u00e9s de dues propostes molt diferents,&hellip;  <a href=\"https:\/\/agora.xtec.cat\/ceipnarcismonturiol\/general\/els-secrets-que-amaguen-les-paraules-4t-i-5e\/\" title=\"Read ELS SECRETS QUE AMAGUEN LES PARAULES &#8211; 4t i 5\u00e8\">Llegeix m\u00e9s\u00bb<\/a><\/p>\n","protected":false},"author":1,"featured_media":2851,"comment_status":"closed","ping_status":"closed","sticky":false,"template":"","format":"standard","meta":{"_bbp_topic_count":0,"_bbp_reply_count":0,"_bbp_total_topic_count":0,"_bbp_total_reply_count":0,"_bbp_voice_count":0,"_bbp_anonymous_reply_count":0,"_bbp_topic_count_hidden":0,"_bbp_reply_count_hidden":0,"_bbp_forum_subforum_count":0,"footnotes":""},"categories":[1,4,5],"tags":[],"class_list":["post-2850","post","type-post","status-publish","format-standard","has-post-thumbnail","hentry","category-general","category-portada","category-primaria"],"post_mailing_queue_ids":[],"_links":{"self":[{"href":"https:\/\/agora.xtec.cat\/ceipnarcismonturiol\/wp-json\/wp\/v2\/posts\/2850","targetHints":{"allow":["GET"]}}],"collection":[{"href":"https:\/\/agora.xtec.cat\/ceipnarcismonturiol\/wp-json\/wp\/v2\/posts"}],"about":[{"href":"https:\/\/agora.xtec.cat\/ceipnarcismonturiol\/wp-json\/wp\/v2\/types\/post"}],"author":[{"embeddable":true,"href":"https:\/\/agora.xtec.cat\/ceipnarcismonturiol\/wp-json\/wp\/v2\/users\/1"}],"replies":[{"embeddable":true,"href":"https:\/\/agora.xtec.cat\/ceipnarcismonturiol\/wp-json\/wp\/v2\/comments?post=2850"}],"version-history":[{"count":1,"href":"https:\/\/agora.xtec.cat\/ceipnarcismonturiol\/wp-json\/wp\/v2\/posts\/2850\/revisions"}],"predecessor-version":[{"id":2854,"href":"https:\/\/agora.xtec.cat\/ceipnarcismonturiol\/wp-json\/wp\/v2\/posts\/2850\/revisions\/2854"}],"wp:featuredmedia":[{"embeddable":true,"href":"https:\/\/agora.xtec.cat\/ceipnarcismonturiol\/wp-json\/wp\/v2\/media\/2851"}],"wp:attachment":[{"href":"https:\/\/agora.xtec.cat\/ceipnarcismonturiol\/wp-json\/wp\/v2\/media?parent=2850"}],"wp:term":[{"taxonomy":"category","embeddable":true,"href":"https:\/\/agora.xtec.cat\/ceipnarcismonturiol\/wp-json\/wp\/v2\/categories?post=2850"},{"taxonomy":"post_tag","embeddable":true,"href":"https:\/\/agora.xtec.cat\/ceipnarcismonturiol\/wp-json\/wp\/v2\/tags?post=2850"}],"curies":[{"name":"wp","href":"https:\/\/api.w.org\/{rel}","templated":true}]}}