{"id":2817,"date":"2025-10-09T12:05:58","date_gmt":"2025-10-09T10:05:58","guid":{"rendered":"https:\/\/agora.xtec.cat\/ceipnarcismonturiol\/?p=2817"},"modified":"2025-10-09T12:17:18","modified_gmt":"2025-10-09T10:17:18","slug":"castell-de-la-trinita-4t","status":"publish","type":"post","link":"https:\/\/agora.xtec.cat\/ceipnarcismonturiol\/general\/castell-de-la-trinita-4t\/","title":{"rendered":"CASTELL DE LA TRINITAT &#8211; 4t"},"content":{"rendered":"<p>Aquest dimecres, la classe de 4t vam viure una experi\u00e8ncia genial: vam fer una sortida al\u00a0<strong>Castell de la Trinitat<\/strong>, un lloc ple d\u2019hist\u00f2ria situat al capdamunt del port de Roses, amb unes vistes espectaculars sobre el mar!<\/p>\n<p>Vam sortir de l&#8217;escola al mat\u00ed, molt il\u00b7lusionats i amb ganes de descobrir el nostre patrimoni! Quan vam arribar, vam fer una petita caminada fins al castell. Pel cam\u00ed, ja ens impressionava veure les muralles i la forma tan curiosa que t\u00e9: una estrella!<\/p>\n<p>All\u00e0 ens esperava una guia que ens va explicar moltes coses interessants com que es va construir fa m\u00e9s de 450 anys per defensar la costa dels atacs pirates. Ens van parlar del rei\u00a0<strong>Carles I<\/strong>, dels soldats que hi vivien i de com feien servir els canons per protegir la badia.<\/p>\n<p>Ens ho vam passar d&#8217;all\u00f2 m\u00e9s b\u00e9!<\/p>\n<p><a href=\"https:\/\/agora.xtec.cat\/ceipnarcismonturiol\/wp-content\/uploads\/usu821\/2025\/10\/1.png\"><img loading=\"lazy\" decoding=\"async\" class=\"size-full wp-image-2818 aligncenter\" src=\"https:\/\/agora.xtec.cat\/ceipnarcismonturiol\/wp-content\/uploads\/usu821\/2025\/10\/1.png\" alt=\"\" width=\"519\" height=\"428\" srcset=\"https:\/\/agora.xtec.cat\/ceipnarcismonturiol\/wp-content\/uploads\/usu821\/2025\/10\/1.png 519w, https:\/\/agora.xtec.cat\/ceipnarcismonturiol\/wp-content\/uploads\/usu821\/2025\/10\/1-300x247.png 300w\" sizes=\"auto, (max-width: 519px) 100vw, 519px\" \/><\/a><\/p>\n<p><strong>Recordem que per visualitzar les imatges vau rebre un \u201cTokApp\u201d amb el codi per a accedir-hi.<\/strong><\/p>\n","protected":false},"excerpt":{"rendered":"<p>Aquest dimecres, la classe de 4t vam viure una experi\u00e8ncia genial: vam fer una sortida al\u00a0Castell de la Trinitat, un lloc ple d\u2019hist\u00f2ria situat al capdamunt del port de Roses, amb unes vistes espectaculars sobre el mar!<br \/>\nVam sortir de l&#8217;escola al mat\u00ed, molt il\u00b7lusionats i&hellip;  <a href=\"https:\/\/agora.xtec.cat\/ceipnarcismonturiol\/general\/castell-de-la-trinita-4t\/\" title=\"Read CASTELL DE LA TRINITAT &#8211; 4t\">Llegeix m\u00e9s\u00bb<\/a><\/p>\n","protected":false},"author":1,"featured_media":2818,"comment_status":"closed","ping_status":"closed","sticky":false,"template":"","format":"standard","meta":{"_bbp_topic_count":0,"_bbp_reply_count":0,"_bbp_total_topic_count":0,"_bbp_total_reply_count":0,"_bbp_voice_count":0,"_bbp_anonymous_reply_count":0,"_bbp_topic_count_hidden":0,"_bbp_reply_count_hidden":0,"_bbp_forum_subforum_count":0,"footnotes":""},"categories":[12,1,4,5],"tags":[],"class_list":["post-2817","post","type-post","status-publish","format-standard","has-post-thumbnail","hentry","category-cm","category-general","category-portada","category-primaria"],"post_mailing_queue_ids":[],"_links":{"self":[{"href":"https:\/\/agora.xtec.cat\/ceipnarcismonturiol\/wp-json\/wp\/v2\/posts\/2817","targetHints":{"allow":["GET"]}}],"collection":[{"href":"https:\/\/agora.xtec.cat\/ceipnarcismonturiol\/wp-json\/wp\/v2\/posts"}],"about":[{"href":"https:\/\/agora.xtec.cat\/ceipnarcismonturiol\/wp-json\/wp\/v2\/types\/post"}],"author":[{"embeddable":true,"href":"https:\/\/agora.xtec.cat\/ceipnarcismonturiol\/wp-json\/wp\/v2\/users\/1"}],"replies":[{"embeddable":true,"href":"https:\/\/agora.xtec.cat\/ceipnarcismonturiol\/wp-json\/wp\/v2\/comments?post=2817"}],"version-history":[{"count":2,"href":"https:\/\/agora.xtec.cat\/ceipnarcismonturiol\/wp-json\/wp\/v2\/posts\/2817\/revisions"}],"predecessor-version":[{"id":2823,"href":"https:\/\/agora.xtec.cat\/ceipnarcismonturiol\/wp-json\/wp\/v2\/posts\/2817\/revisions\/2823"}],"wp:featuredmedia":[{"embeddable":true,"href":"https:\/\/agora.xtec.cat\/ceipnarcismonturiol\/wp-json\/wp\/v2\/media\/2818"}],"wp:attachment":[{"href":"https:\/\/agora.xtec.cat\/ceipnarcismonturiol\/wp-json\/wp\/v2\/media?parent=2817"}],"wp:term":[{"taxonomy":"category","embeddable":true,"href":"https:\/\/agora.xtec.cat\/ceipnarcismonturiol\/wp-json\/wp\/v2\/categories?post=2817"},{"taxonomy":"post_tag","embeddable":true,"href":"https:\/\/agora.xtec.cat\/ceipnarcismonturiol\/wp-json\/wp\/v2\/tags?post=2817"}],"curies":[{"name":"wp","href":"https:\/\/api.w.org\/{rel}","templated":true}]}}