{"id":2695,"date":"2025-05-14T11:28:23","date_gmt":"2025-05-14T09:28:23","guid":{"rendered":"https:\/\/agora.xtec.cat\/ceipnarcismonturiol\/?p=2695"},"modified":"2025-05-14T11:28:23","modified_gmt":"2025-05-14T09:28:23","slug":"camp-de-les-aromes-3r","status":"publish","type":"post","link":"https:\/\/agora.xtec.cat\/ceipnarcismonturiol\/general\/camp-de-les-aromes-3r\/","title":{"rendered":"CAMP DE LES AROMES &#8211; 3r"},"content":{"rendered":"<p><span style=\"font-weight: 400;\">Ahir, els alumnes de 3r vam fer una sortida al Camp de les Aromes, a l\u2019Escala.<\/span><\/p>\n<p><span style=\"font-weight: 400;\">All\u00e0 vam descobrir qu\u00e8 s\u00f3n les plantes arom\u00e0tiques, medicinals i culin\u00e0ries, i com les podem utilitzar en el nostre dia a dia.<\/span><\/p>\n<p><span style=\"font-weight: 400;\">Ens van explicar quines propietats tenen algunes plantes, com la farigola, la lavanda o la salvia, i com ens poden ajudar a cuidar la salut.<\/span><\/p>\n<p><span style=\"font-weight: 400;\">Despr\u00e9s de la visita, vam fer diferents tallers, vam preparar un saquet arom\u00e0tic i vam comen\u00e7ar un herbari.<\/span><\/p>\n<p><span style=\"font-weight: 400;\">Ens va agradar molt treballar amb plantes reals i observar-les de ben a prop.<\/span><\/p>\n<p><span style=\"font-weight: 400;\">Coneixent millor el nostre paisatge, valorem m\u00e9s all\u00f2 que ens envolta i aprenem a cuidar en el nostre entorn.<\/span><\/p>\n<p><a href=\"https:\/\/agora.xtec.cat\/ceipnarcismonturiol\/?p=2696&amp;preview=true\"><img loading=\"lazy\" decoding=\"async\" class=\"wp-image-2697 aligncenter\" src=\"https:\/\/agora.xtec.cat\/ceipnarcismonturiol\/wp-content\/uploads\/usu821\/2025\/05\/Captura.jpg\" alt=\"\" width=\"367\" height=\"272\" srcset=\"https:\/\/agora.xtec.cat\/ceipnarcismonturiol\/wp-content\/uploads\/usu821\/2025\/05\/Captura.jpg 823w, https:\/\/agora.xtec.cat\/ceipnarcismonturiol\/wp-content\/uploads\/usu821\/2025\/05\/Captura-300x223.jpg 300w, https:\/\/agora.xtec.cat\/ceipnarcismonturiol\/wp-content\/uploads\/usu821\/2025\/05\/Captura-768x570.jpg 768w\" sizes=\"auto, (max-width: 367px) 100vw, 367px\" \/><\/a><strong>Recordem que per visualitzar les imatges vau rebre un \u201cTokApp\u201d amb el codi per a accedir-hi.\u00a0<\/strong><\/p>\n","protected":false},"excerpt":{"rendered":"<p>Ahir, els alumnes de 3r vam fer una sortida al Camp de les Aromes, a l\u2019Escala.<br \/>\nAll\u00e0 vam descobrir qu\u00e8 s\u00f3n les plantes arom\u00e0tiques, medicinals i culin\u00e0ries, i com les podem utilitzar en el nostre dia a dia.<br \/>\nEns van explicar quines propietats tenen algunes plantes, com&hellip;  <a href=\"https:\/\/agora.xtec.cat\/ceipnarcismonturiol\/general\/camp-de-les-aromes-3r\/\" title=\"Read CAMP DE LES AROMES &#8211; 3r\">Llegeix m\u00e9s\u00bb<\/a><\/p>\n","protected":false},"author":1,"featured_media":2697,"comment_status":"closed","ping_status":"closed","sticky":false,"template":"","format":"standard","meta":{"_bbp_topic_count":0,"_bbp_reply_count":0,"_bbp_total_topic_count":0,"_bbp_total_reply_count":0,"_bbp_voice_count":0,"_bbp_anonymous_reply_count":0,"_bbp_topic_count_hidden":0,"_bbp_reply_count_hidden":0,"_bbp_forum_subforum_count":0,"footnotes":""},"categories":[1,4,5],"tags":[],"class_list":["post-2695","post","type-post","status-publish","format-standard","has-post-thumbnail","hentry","category-general","category-portada","category-primaria"],"post_mailing_queue_ids":[],"_links":{"self":[{"href":"https:\/\/agora.xtec.cat\/ceipnarcismonturiol\/wp-json\/wp\/v2\/posts\/2695","targetHints":{"allow":["GET"]}}],"collection":[{"href":"https:\/\/agora.xtec.cat\/ceipnarcismonturiol\/wp-json\/wp\/v2\/posts"}],"about":[{"href":"https:\/\/agora.xtec.cat\/ceipnarcismonturiol\/wp-json\/wp\/v2\/types\/post"}],"author":[{"embeddable":true,"href":"https:\/\/agora.xtec.cat\/ceipnarcismonturiol\/wp-json\/wp\/v2\/users\/1"}],"replies":[{"embeddable":true,"href":"https:\/\/agora.xtec.cat\/ceipnarcismonturiol\/wp-json\/wp\/v2\/comments?post=2695"}],"version-history":[{"count":1,"href":"https:\/\/agora.xtec.cat\/ceipnarcismonturiol\/wp-json\/wp\/v2\/posts\/2695\/revisions"}],"predecessor-version":[{"id":2699,"href":"https:\/\/agora.xtec.cat\/ceipnarcismonturiol\/wp-json\/wp\/v2\/posts\/2695\/revisions\/2699"}],"wp:featuredmedia":[{"embeddable":true,"href":"https:\/\/agora.xtec.cat\/ceipnarcismonturiol\/wp-json\/wp\/v2\/media\/2697"}],"wp:attachment":[{"href":"https:\/\/agora.xtec.cat\/ceipnarcismonturiol\/wp-json\/wp\/v2\/media?parent=2695"}],"wp:term":[{"taxonomy":"category","embeddable":true,"href":"https:\/\/agora.xtec.cat\/ceipnarcismonturiol\/wp-json\/wp\/v2\/categories?post=2695"},{"taxonomy":"post_tag","embeddable":true,"href":"https:\/\/agora.xtec.cat\/ceipnarcismonturiol\/wp-json\/wp\/v2\/tags?post=2695"}],"curies":[{"name":"wp","href":"https:\/\/api.w.org\/{rel}","templated":true}]}}