{"id":2651,"date":"2025-04-24T23:12:08","date_gmt":"2025-04-24T21:12:08","guid":{"rendered":"https:\/\/agora.xtec.cat\/ceipnarcismonturiol\/?p=2651"},"modified":"2025-04-25T10:18:36","modified_gmt":"2025-04-25T08:18:36","slug":"31a-edicio-de-la-revista-boom","status":"publish","type":"post","link":"https:\/\/agora.xtec.cat\/ceipnarcismonturiol\/general\/31a-edicio-de-la-revista-boom\/","title":{"rendered":"31\u00aa EDICI\u00d3 DE LA REVISTA BOOM!"},"content":{"rendered":"<p>El dia de Sant Jordi l&#8217;escola va repartir a les fam\u00edlies un nou exemplar de la revista &#8220;Boom&#8221;, enguany \u00e9s la n\u00famero 31.<\/p>\n<p>En aquesta revista es mostren algunes de les activitats que ha fet cada curs en refer\u00e8ncia al projecte d&#8217;escola, que aquest curs es titula: &#8220;Temps era temps&#8221;, que cada curs treballa de forma individual i posteriorment fem una posada en com\u00fa d&#8217;all\u00f2 treballat.<\/p>\n<p>Aquesta revista la podeu consultar tamb\u00e9 en format digital a la web de l&#8217;escola.<br \/>\nEsperem que la gaudiu molt\u00edssim.<\/p>\n<p><a href=\"https:\/\/agora.xtec.cat\/ceipnarcismonturiol\/?p=2655&amp;preview=true\"><img loading=\"lazy\" decoding=\"async\" class=\" wp-image-2653 aligncenter\" src=\"https:\/\/agora.xtec.cat\/ceipnarcismonturiol\/wp-content\/uploads\/usu821\/2025\/04\/Captura-de-pantalla-2025-04-24-231052.png\" alt=\"\" width=\"440\" height=\"634\" srcset=\"https:\/\/agora.xtec.cat\/ceipnarcismonturiol\/wp-content\/uploads\/usu821\/2025\/04\/Captura-de-pantalla-2025-04-24-231052.png 598w, https:\/\/agora.xtec.cat\/ceipnarcismonturiol\/wp-content\/uploads\/usu821\/2025\/04\/Captura-de-pantalla-2025-04-24-231052-208x300.png 208w\" sizes=\"auto, (max-width: 440px) 100vw, 440px\" \/><\/a><\/p>\n","protected":false},"excerpt":{"rendered":"<p>El dia de Sant Jordi l&#8217;escola va repartir a les fam\u00edlies un nou exemplar de la revista &#8220;Boom&#8221;, enguany \u00e9s la n\u00famero 31.<br \/>\nEn aquesta revista es mostren algunes de les activitats que ha fet cada curs en refer\u00e8ncia al projecte d&#8217;escola, que aquest curs es&hellip;  <a href=\"https:\/\/agora.xtec.cat\/ceipnarcismonturiol\/general\/31a-edicio-de-la-revista-boom\/\" title=\"Read 31\u00aa EDICI\u00d3 DE LA REVISTA BOOM!\">Llegeix m\u00e9s\u00bb<\/a><\/p>\n","protected":false},"author":1,"featured_media":2653,"comment_status":"closed","ping_status":"closed","sticky":false,"template":"","format":"standard","meta":{"_bbp_topic_count":0,"_bbp_reply_count":0,"_bbp_total_topic_count":0,"_bbp_total_reply_count":0,"_bbp_voice_count":0,"_bbp_anonymous_reply_count":0,"_bbp_topic_count_hidden":0,"_bbp_reply_count_hidden":0,"_bbp_forum_subforum_count":0,"footnotes":""},"categories":[7,1,2,4,5],"tags":[],"class_list":["post-2651","post","type-post","status-publish","format-standard","has-post-thumbnail","hentry","category-afa","category-general","category-infantil","category-portada","category-primaria"],"post_mailing_queue_ids":[],"_links":{"self":[{"href":"https:\/\/agora.xtec.cat\/ceipnarcismonturiol\/wp-json\/wp\/v2\/posts\/2651","targetHints":{"allow":["GET"]}}],"collection":[{"href":"https:\/\/agora.xtec.cat\/ceipnarcismonturiol\/wp-json\/wp\/v2\/posts"}],"about":[{"href":"https:\/\/agora.xtec.cat\/ceipnarcismonturiol\/wp-json\/wp\/v2\/types\/post"}],"author":[{"embeddable":true,"href":"https:\/\/agora.xtec.cat\/ceipnarcismonturiol\/wp-json\/wp\/v2\/users\/1"}],"replies":[{"embeddable":true,"href":"https:\/\/agora.xtec.cat\/ceipnarcismonturiol\/wp-json\/wp\/v2\/comments?post=2651"}],"version-history":[{"count":3,"href":"https:\/\/agora.xtec.cat\/ceipnarcismonturiol\/wp-json\/wp\/v2\/posts\/2651\/revisions"}],"predecessor-version":[{"id":2658,"href":"https:\/\/agora.xtec.cat\/ceipnarcismonturiol\/wp-json\/wp\/v2\/posts\/2651\/revisions\/2658"}],"wp:featuredmedia":[{"embeddable":true,"href":"https:\/\/agora.xtec.cat\/ceipnarcismonturiol\/wp-json\/wp\/v2\/media\/2653"}],"wp:attachment":[{"href":"https:\/\/agora.xtec.cat\/ceipnarcismonturiol\/wp-json\/wp\/v2\/media?parent=2651"}],"wp:term":[{"taxonomy":"category","embeddable":true,"href":"https:\/\/agora.xtec.cat\/ceipnarcismonturiol\/wp-json\/wp\/v2\/categories?post=2651"},{"taxonomy":"post_tag","embeddable":true,"href":"https:\/\/agora.xtec.cat\/ceipnarcismonturiol\/wp-json\/wp\/v2\/tags?post=2651"}],"curies":[{"name":"wp","href":"https:\/\/api.w.org\/{rel}","templated":true}]}}