{"id":2644,"date":"2025-04-24T16:09:52","date_gmt":"2025-04-24T14:09:52","guid":{"rendered":"https:\/\/agora.xtec.cat\/ceipnarcismonturiol\/?p=2644"},"modified":"2025-04-24T16:09:52","modified_gmt":"2025-04-24T14:09:52","slug":"sant-jordi-2025-2","status":"publish","type":"post","link":"https:\/\/agora.xtec.cat\/ceipnarcismonturiol\/general\/sant-jordi-2025-2\/","title":{"rendered":"SANT JORDI 2025"},"content":{"rendered":"<p class=\"\" data-start=\"238\" data-end=\"406\">Un any m\u00e9s, a l\u2019escola hem celebrat la Diada de Sant Jordi amb molta il\u00b7lusi\u00f3 i activitats ben especials.<\/p>\n<p class=\"\" data-start=\"408\" data-end=\"682\">Una de les activitats m\u00e9s destacades ha estat <strong data-start=\"454\" data-end=\"479\">la biblioteca al pati<\/strong>, un espai m\u00e0gic on l\u2019alumnat ha pogut gaudir de la lectura a l\u2019aire lliure. Amb m\u00e0rfegues, bancs i una taula on hi havia una selecci\u00f3 de llibres per a totes les edats, el pati s\u2019ha convertit en un rac\u00f3 de calma i imaginaci\u00f3.<\/p>\n<p class=\"\" data-start=\"684\" data-end=\"878\">Tamb\u00e9 hem pogut ballar <strong data-start=\"707\" data-end=\"719\">sardanes<\/strong>, mantenint viva una de les tradicions m\u00e9s arrelades del nostre pa\u00eds. Al ritme de la m\u00fasica, petits i grans hem fet rotllanes compartint cultura i companyonia.<\/p>\n<p class=\"\" data-start=\"880\" data-end=\"1152\">I com no podia faltar, hem celebrat el <strong data-start=\"919\" data-end=\"950\">concurs de premis de poesia<\/strong>, on els i les alumnes han demostrat el seu talent i sensibilitat a trav\u00e9s de paraules. Les obres guanyadores han estat recitades amb orgull, i totes les participacions han mostrat una gran creativitat.<\/p>\n<p class=\"\" data-start=\"1154\" data-end=\"1272\">Ha estat una jornada plena de moments per recordar, i una manera molt especial de viure Sant Jordi plegats a l\u2019escola.<\/p>\n<p data-start=\"1154\" data-end=\"1272\"><a href=\"https:\/\/agora.xtec.cat\/ceipnarcismonturiol\/?p=2648&amp;preview=true\"><img loading=\"lazy\" decoding=\"async\" class=\" wp-image-2645 aligncenter\" src=\"https:\/\/agora.xtec.cat\/ceipnarcismonturiol\/wp-content\/uploads\/usu821\/2025\/04\/Captura-5.png\" alt=\"\" width=\"467\" height=\"622\" srcset=\"https:\/\/agora.xtec.cat\/ceipnarcismonturiol\/wp-content\/uploads\/usu821\/2025\/04\/Captura-5.png 577w, https:\/\/agora.xtec.cat\/ceipnarcismonturiol\/wp-content\/uploads\/usu821\/2025\/04\/Captura-5-225x300.png 225w\" sizes=\"auto, (max-width: 467px) 100vw, 467px\" \/><\/a><\/p>\n<p data-start=\"1154\" data-end=\"1272\"><strong>Recordem que per visualitzar les imatges vau rebre un \u201cTokApp\u201d amb el codi per accedir-hi.<\/strong><\/p>\n<p data-start=\"1154\" data-end=\"1272\">\n<p data-start=\"1154\" data-end=\"1272\">\n","protected":false},"excerpt":{"rendered":"<p>Un any m\u00e9s, a l\u2019escola hem celebrat la Diada de Sant Jordi amb molta il\u00b7lusi\u00f3 i activitats ben especials.<br \/>\nUna de les activitats m\u00e9s destacades ha estat la biblioteca al pati, un espai m\u00e0gic on l\u2019alumnat ha pogut gaudir de la lectura a l\u2019aire lliure. Amb&hellip;  <a href=\"https:\/\/agora.xtec.cat\/ceipnarcismonturiol\/general\/sant-jordi-2025-2\/\" title=\"Read SANT JORDI 2025\">Llegeix m\u00e9s\u00bb<\/a><\/p>\n","protected":false},"author":1,"featured_media":2645,"comment_status":"closed","ping_status":"closed","sticky":false,"template":"","format":"standard","meta":{"_bbp_topic_count":0,"_bbp_reply_count":0,"_bbp_total_topic_count":0,"_bbp_total_reply_count":0,"_bbp_voice_count":0,"_bbp_anonymous_reply_count":0,"_bbp_topic_count_hidden":0,"_bbp_reply_count_hidden":0,"_bbp_forum_subforum_count":0,"footnotes":""},"categories":[1,2,4,5],"tags":[],"class_list":["post-2644","post","type-post","status-publish","format-standard","has-post-thumbnail","hentry","category-general","category-infantil","category-portada","category-primaria"],"post_mailing_queue_ids":[],"_links":{"self":[{"href":"https:\/\/agora.xtec.cat\/ceipnarcismonturiol\/wp-json\/wp\/v2\/posts\/2644","targetHints":{"allow":["GET"]}}],"collection":[{"href":"https:\/\/agora.xtec.cat\/ceipnarcismonturiol\/wp-json\/wp\/v2\/posts"}],"about":[{"href":"https:\/\/agora.xtec.cat\/ceipnarcismonturiol\/wp-json\/wp\/v2\/types\/post"}],"author":[{"embeddable":true,"href":"https:\/\/agora.xtec.cat\/ceipnarcismonturiol\/wp-json\/wp\/v2\/users\/1"}],"replies":[{"embeddable":true,"href":"https:\/\/agora.xtec.cat\/ceipnarcismonturiol\/wp-json\/wp\/v2\/comments?post=2644"}],"version-history":[{"count":1,"href":"https:\/\/agora.xtec.cat\/ceipnarcismonturiol\/wp-json\/wp\/v2\/posts\/2644\/revisions"}],"predecessor-version":[{"id":2650,"href":"https:\/\/agora.xtec.cat\/ceipnarcismonturiol\/wp-json\/wp\/v2\/posts\/2644\/revisions\/2650"}],"wp:featuredmedia":[{"embeddable":true,"href":"https:\/\/agora.xtec.cat\/ceipnarcismonturiol\/wp-json\/wp\/v2\/media\/2645"}],"wp:attachment":[{"href":"https:\/\/agora.xtec.cat\/ceipnarcismonturiol\/wp-json\/wp\/v2\/media?parent=2644"}],"wp:term":[{"taxonomy":"category","embeddable":true,"href":"https:\/\/agora.xtec.cat\/ceipnarcismonturiol\/wp-json\/wp\/v2\/categories?post=2644"},{"taxonomy":"post_tag","embeddable":true,"href":"https:\/\/agora.xtec.cat\/ceipnarcismonturiol\/wp-json\/wp\/v2\/tags?post=2644"}],"curies":[{"name":"wp","href":"https:\/\/api.w.org\/{rel}","templated":true}]}}