{"id":2621,"date":"2025-04-22T15:47:44","date_gmt":"2025-04-22T13:47:44","guid":{"rendered":"https:\/\/agora.xtec.cat\/ceipnarcismonturiol\/?p=2621"},"modified":"2025-04-22T15:47:44","modified_gmt":"2025-04-22T13:47:44","slug":"projecte-els-jocs-dels-avis-i-les-avies-i3","status":"publish","type":"post","link":"https:\/\/agora.xtec.cat\/ceipnarcismonturiol\/general\/projecte-els-jocs-dels-avis-i-les-avies-i3\/","title":{"rendered":"PROJECTE: ELS JOCS DELS AVIS I LES \u00c0VIES &#8211; I3"},"content":{"rendered":"<p><span style=\"font-weight: 400;\">Durant aquest trimestre els nens i nenes d\u2019I3 hem viatjat al passat a trav\u00e9s dels jocs dels avis i \u00e0vies. Hem descobert com jugaven abans, hem apr\u00e8s els seus jocs i fins i tot els hem practicat amb elles!\u00a0<\/span><\/p>\n<p><span style=\"font-weight: 400;\">Tamb\u00e9 hem compartit jocs amb els infants de 1r i hem reflexionat sobre com juguem nosaltres avui.<\/span><\/p>\n<p><span style=\"font-weight: 400;\">\u00a0Jugant hem apr\u00e8s, rigut i creat records que no oblidarem!<\/span><\/p>\n<p><a href=\"https:\/\/agora.xtec.cat\/ceipnarcismonturiol\/?p=2624&amp;preview=true\"><img loading=\"lazy\" decoding=\"async\" class=\"size-full wp-image-2623 aligncenter\" src=\"https:\/\/agora.xtec.cat\/ceipnarcismonturiol\/wp-content\/uploads\/usu821\/2025\/04\/Captura-2.png\" alt=\"\" width=\"451\" height=\"505\" srcset=\"https:\/\/agora.xtec.cat\/ceipnarcismonturiol\/wp-content\/uploads\/usu821\/2025\/04\/Captura-2.png 451w, https:\/\/agora.xtec.cat\/ceipnarcismonturiol\/wp-content\/uploads\/usu821\/2025\/04\/Captura-2-268x300.png 268w\" sizes=\"auto, (max-width: 451px) 100vw, 451px\" \/><\/a><\/p>\n<p><strong>Recordem que per visualitzar les imatges vau rebre un \u201cTokApp\u201d amb el codi per accedir-hI<\/strong><\/p>\n","protected":false},"excerpt":{"rendered":"<p>Durant aquest trimestre els nens i nenes d\u2019I3 hem viatjat al passat a trav\u00e9s dels jocs dels avis i \u00e0vies. Hem descobert com jugaven abans, hem apr\u00e8s els seus jocs i fins i tot els hem practicat amb elles!\u00a0<br \/>\nTamb\u00e9 hem compartit jocs amb els infants&hellip;  <a href=\"https:\/\/agora.xtec.cat\/ceipnarcismonturiol\/general\/projecte-els-jocs-dels-avis-i-les-avies-i3\/\" title=\"Read PROJECTE: ELS JOCS DELS AVIS I LES \u00c0VIES &#8211; I3\">Llegeix m\u00e9s\u00bb<\/a><\/p>\n","protected":false},"author":1,"featured_media":2623,"comment_status":"closed","ping_status":"closed","sticky":false,"template":"","format":"standard","meta":{"_bbp_topic_count":0,"_bbp_reply_count":0,"_bbp_total_topic_count":0,"_bbp_total_reply_count":0,"_bbp_voice_count":0,"_bbp_anonymous_reply_count":0,"_bbp_topic_count_hidden":0,"_bbp_reply_count_hidden":0,"_bbp_forum_subforum_count":0,"footnotes":""},"categories":[1,3,2,4],"tags":[],"class_list":["post-2621","post","type-post","status-publish","format-standard","has-post-thumbnail","hentry","category-general","category-i3","category-infantil","category-portada"],"post_mailing_queue_ids":[],"_links":{"self":[{"href":"https:\/\/agora.xtec.cat\/ceipnarcismonturiol\/wp-json\/wp\/v2\/posts\/2621","targetHints":{"allow":["GET"]}}],"collection":[{"href":"https:\/\/agora.xtec.cat\/ceipnarcismonturiol\/wp-json\/wp\/v2\/posts"}],"about":[{"href":"https:\/\/agora.xtec.cat\/ceipnarcismonturiol\/wp-json\/wp\/v2\/types\/post"}],"author":[{"embeddable":true,"href":"https:\/\/agora.xtec.cat\/ceipnarcismonturiol\/wp-json\/wp\/v2\/users\/1"}],"replies":[{"embeddable":true,"href":"https:\/\/agora.xtec.cat\/ceipnarcismonturiol\/wp-json\/wp\/v2\/comments?post=2621"}],"version-history":[{"count":1,"href":"https:\/\/agora.xtec.cat\/ceipnarcismonturiol\/wp-json\/wp\/v2\/posts\/2621\/revisions"}],"predecessor-version":[{"id":2625,"href":"https:\/\/agora.xtec.cat\/ceipnarcismonturiol\/wp-json\/wp\/v2\/posts\/2621\/revisions\/2625"}],"wp:featuredmedia":[{"embeddable":true,"href":"https:\/\/agora.xtec.cat\/ceipnarcismonturiol\/wp-json\/wp\/v2\/media\/2623"}],"wp:attachment":[{"href":"https:\/\/agora.xtec.cat\/ceipnarcismonturiol\/wp-json\/wp\/v2\/media?parent=2621"}],"wp:term":[{"taxonomy":"category","embeddable":true,"href":"https:\/\/agora.xtec.cat\/ceipnarcismonturiol\/wp-json\/wp\/v2\/categories?post=2621"},{"taxonomy":"post_tag","embeddable":true,"href":"https:\/\/agora.xtec.cat\/ceipnarcismonturiol\/wp-json\/wp\/v2\/tags?post=2621"}],"curies":[{"name":"wp","href":"https:\/\/api.w.org\/{rel}","templated":true}]}}