{"id":2602,"date":"2025-04-12T14:21:40","date_gmt":"2025-04-12T12:21:40","guid":{"rendered":"https:\/\/agora.xtec.cat\/ceipnarcismonturiol\/?p=2602"},"modified":"2025-04-22T15:41:45","modified_gmt":"2025-04-22T13:41:45","slug":"mones-de-pasqua-infantil","status":"publish","type":"post","link":"https:\/\/agora.xtec.cat\/ceipnarcismonturiol\/general\/mones-de-pasqua-infantil\/","title":{"rendered":"MONES DE PASQUA &#8211; INFANTIL"},"content":{"rendered":"<p>L\u2019\u00faltim dia del trimestre a infantil ha estat ben especial! Al mat\u00ed, cada nen i nena ha decorat la seva pr\u00f2pia mona de Pasqua amb molta il\u00b7lusi\u00f3 i creativitat. Un cop acabades, ens les hem menjat per esmorzar\u2026 estaven bon\u00edssimes!<\/p>\n<p>A la tarda, hem viscut un moment molt emocionant: la gran cerca dels ous de Pasqua! Hem sortit al pati i, ben atents i amb els ulls ben oberts, hem buscat els ous amagats entre racons, plantes i jocs. Quina emoci\u00f3 quan en trob\u00e0vem un!<\/p>\n<p>Ha estat una jornada plena d\u2019alegria, dol\u00e7or i moments compartits que ens acomiada d\u2019aquest segon trimestre amb un somriure.<\/p>\n<p><a href=\"https:\/\/agora.xtec.cat\/ceipnarcismonturiol\/?p=2614&amp;preview=true\"><img loading=\"lazy\" decoding=\"async\" class=\"size-full wp-image-2615 aligncenter\" src=\"https:\/\/agora.xtec.cat\/ceipnarcismonturiol\/wp-content\/uploads\/usu821\/2025\/04\/Captura-1.png\" alt=\"\" width=\"475\" height=\"310\" srcset=\"https:\/\/agora.xtec.cat\/ceipnarcismonturiol\/wp-content\/uploads\/usu821\/2025\/04\/Captura-1.png 475w, https:\/\/agora.xtec.cat\/ceipnarcismonturiol\/wp-content\/uploads\/usu821\/2025\/04\/Captura-1-300x196.png 300w\" sizes=\"auto, (max-width: 475px) 100vw, 475px\" \/><\/a><\/p>\n<p><strong>Recordem que per visualitzar les imatges vau rebre un \u201cTokApp\u201d amb el codi per accedir-hi<\/strong><\/p>\n","protected":false},"excerpt":{"rendered":"<p>L\u2019\u00faltim dia del trimestre a infantil ha estat ben especial! Al mat\u00ed, cada nen i nena ha decorat la seva pr\u00f2pia mona de Pasqua amb molta il\u00b7lusi\u00f3 i creativitat. Un cop acabades, ens les hem menjat per esmorzar\u2026 estaven bon\u00edssimes!<br \/>\nA la tarda, hem viscut un&hellip;  <a href=\"https:\/\/agora.xtec.cat\/ceipnarcismonturiol\/general\/mones-de-pasqua-infantil\/\" title=\"Read MONES DE PASQUA &#8211; INFANTIL\">Llegeix m\u00e9s\u00bb<\/a><\/p>\n","protected":false},"author":1,"featured_media":2615,"comment_status":"closed","ping_status":"closed","sticky":false,"template":"","format":"standard","meta":{"_bbp_topic_count":0,"_bbp_reply_count":0,"_bbp_total_topic_count":0,"_bbp_total_reply_count":0,"_bbp_voice_count":0,"_bbp_anonymous_reply_count":0,"_bbp_topic_count_hidden":0,"_bbp_reply_count_hidden":0,"_bbp_forum_subforum_count":0,"footnotes":""},"categories":[1,2,4],"tags":[],"class_list":["post-2602","post","type-post","status-publish","format-standard","has-post-thumbnail","hentry","category-general","category-infantil","category-portada"],"post_mailing_queue_ids":[],"_links":{"self":[{"href":"https:\/\/agora.xtec.cat\/ceipnarcismonturiol\/wp-json\/wp\/v2\/posts\/2602","targetHints":{"allow":["GET"]}}],"collection":[{"href":"https:\/\/agora.xtec.cat\/ceipnarcismonturiol\/wp-json\/wp\/v2\/posts"}],"about":[{"href":"https:\/\/agora.xtec.cat\/ceipnarcismonturiol\/wp-json\/wp\/v2\/types\/post"}],"author":[{"embeddable":true,"href":"https:\/\/agora.xtec.cat\/ceipnarcismonturiol\/wp-json\/wp\/v2\/users\/1"}],"replies":[{"embeddable":true,"href":"https:\/\/agora.xtec.cat\/ceipnarcismonturiol\/wp-json\/wp\/v2\/comments?post=2602"}],"version-history":[{"count":4,"href":"https:\/\/agora.xtec.cat\/ceipnarcismonturiol\/wp-json\/wp\/v2\/posts\/2602\/revisions"}],"predecessor-version":[{"id":2622,"href":"https:\/\/agora.xtec.cat\/ceipnarcismonturiol\/wp-json\/wp\/v2\/posts\/2602\/revisions\/2622"}],"wp:featuredmedia":[{"embeddable":true,"href":"https:\/\/agora.xtec.cat\/ceipnarcismonturiol\/wp-json\/wp\/v2\/media\/2615"}],"wp:attachment":[{"href":"https:\/\/agora.xtec.cat\/ceipnarcismonturiol\/wp-json\/wp\/v2\/media?parent=2602"}],"wp:term":[{"taxonomy":"category","embeddable":true,"href":"https:\/\/agora.xtec.cat\/ceipnarcismonturiol\/wp-json\/wp\/v2\/categories?post=2602"},{"taxonomy":"post_tag","embeddable":true,"href":"https:\/\/agora.xtec.cat\/ceipnarcismonturiol\/wp-json\/wp\/v2\/tags?post=2602"}],"curies":[{"name":"wp","href":"https:\/\/api.w.org\/{rel}","templated":true}]}}