{"id":2600,"date":"2025-04-11T17:01:20","date_gmt":"2025-04-11T15:01:20","guid":{"rendered":"https:\/\/agora.xtec.cat\/ceipnarcismonturiol\/?p=2600"},"modified":"2025-04-11T17:01:20","modified_gmt":"2025-04-11T15:01:20","slug":"chasse-aux-oeuf-cs-i-ci-2","status":"publish","type":"post","link":"https:\/\/agora.xtec.cat\/ceipnarcismonturiol\/general\/chasse-aux-oeuf-cs-i-ci-2\/","title":{"rendered":"CHASSE AUX OEUF &#8211; CS I CI"},"content":{"rendered":"<p>&nbsp;<\/p>\n<p>Chasse aux \u0153ufs : Une sortie scolaire inoubliable!<br \/>\nJeudi 10 d\u2019 avril, les \u00e9l\u00e8ves de 1\u00e8re ann\u00e9e et 2 \u00e8me ann\u00e9 ont eu la chance de participer \u00e0 une chasse aux \u0153ufs pour les \u00e9l\u00e8ves de 5\u00e8me et 6\u00e8me. Nous l\u2019avons fait dans un jardin pr\u00e8s de l\u2019\u00e9cole afin d\u2019approcher la tradition des Paques aux \u00e9l\u00e8ves.<br \/>\nCette activit\u00e9 conviviale a permis aux enfants de vivre un moment de joie et de partage, tout en s\u2019amusant au grand air.<br \/>\nCette activit\u00e9 n\u2019\u00e9tait pas seulement une occasion de c\u00e9l\u00e9brer les traditions de P\u00e2ques, mais aussi un moment de renforcement des liens entre les \u00e9l\u00e8ves, tout en encourageant l\u2019esprit d\u2019\u00e9quipe et la curiosit\u00e9.<\/p>\n<p><a href=\"https:\/\/agora.xtec.cat\/ceipnarcismonturiol\/wp-content\/uploads\/usu821\/2025\/04\/Captura.png\"><img loading=\"lazy\" decoding=\"async\" class=\"wp-image-2611 aligncenter\" src=\"https:\/\/agora.xtec.cat\/ceipnarcismonturiol\/wp-content\/uploads\/usu821\/2025\/04\/Captura.png\" alt=\"\" width=\"461\" height=\"356\" srcset=\"https:\/\/agora.xtec.cat\/ceipnarcismonturiol\/wp-content\/uploads\/usu821\/2025\/04\/Captura.png 852w, https:\/\/agora.xtec.cat\/ceipnarcismonturiol\/wp-content\/uploads\/usu821\/2025\/04\/Captura-300x232.png 300w, https:\/\/agora.xtec.cat\/ceipnarcismonturiol\/wp-content\/uploads\/usu821\/2025\/04\/Captura-768x593.png 768w\" sizes=\"auto, (max-width: 461px) 100vw, 461px\" \/><\/a><\/p>\n<p><strong>Recordem que per visualitzar les imatges vau rebre un \u201cTokApp\u201d amb el codi per accedir-h<\/strong><\/p>\n","protected":false},"excerpt":{"rendered":"<p>&nbsp;<br \/>\nChasse aux \u0153ufs : Une sortie scolaire inoubliable!<br \/>\nJeudi 10 d\u2019 avril, les \u00e9l\u00e8ves de 1\u00e8re ann\u00e9e et 2 \u00e8me ann\u00e9 ont eu la chance de participer \u00e0 une chasse aux \u0153ufs pour les \u00e9l\u00e8ves de 5\u00e8me et 6\u00e8me. Nous l\u2019avons fait dans un jardin pr\u00e8s&hellip;  <a href=\"https:\/\/agora.xtec.cat\/ceipnarcismonturiol\/general\/chasse-aux-oeuf-cs-i-ci-2\/\" title=\"Read CHASSE AUX OEUF &#8211; CS I CI\">Llegeix m\u00e9s\u00bb<\/a><\/p>\n","protected":false},"author":1,"featured_media":2611,"comment_status":"closed","ping_status":"closed","sticky":false,"template":"","format":"standard","meta":{"_bbp_topic_count":0,"_bbp_reply_count":0,"_bbp_total_topic_count":0,"_bbp_total_reply_count":0,"_bbp_voice_count":0,"_bbp_anonymous_reply_count":0,"_bbp_topic_count_hidden":0,"_bbp_reply_count_hidden":0,"_bbp_forum_subforum_count":0,"footnotes":""},"categories":[1,4,5],"tags":[],"class_list":["post-2600","post","type-post","status-publish","format-standard","has-post-thumbnail","hentry","category-general","category-portada","category-primaria"],"post_mailing_queue_ids":[],"_links":{"self":[{"href":"https:\/\/agora.xtec.cat\/ceipnarcismonturiol\/wp-json\/wp\/v2\/posts\/2600","targetHints":{"allow":["GET"]}}],"collection":[{"href":"https:\/\/agora.xtec.cat\/ceipnarcismonturiol\/wp-json\/wp\/v2\/posts"}],"about":[{"href":"https:\/\/agora.xtec.cat\/ceipnarcismonturiol\/wp-json\/wp\/v2\/types\/post"}],"author":[{"embeddable":true,"href":"https:\/\/agora.xtec.cat\/ceipnarcismonturiol\/wp-json\/wp\/v2\/users\/1"}],"replies":[{"embeddable":true,"href":"https:\/\/agora.xtec.cat\/ceipnarcismonturiol\/wp-json\/wp\/v2\/comments?post=2600"}],"version-history":[{"count":1,"href":"https:\/\/agora.xtec.cat\/ceipnarcismonturiol\/wp-json\/wp\/v2\/posts\/2600\/revisions"}],"predecessor-version":[{"id":2612,"href":"https:\/\/agora.xtec.cat\/ceipnarcismonturiol\/wp-json\/wp\/v2\/posts\/2600\/revisions\/2612"}],"wp:featuredmedia":[{"embeddable":true,"href":"https:\/\/agora.xtec.cat\/ceipnarcismonturiol\/wp-json\/wp\/v2\/media\/2611"}],"wp:attachment":[{"href":"https:\/\/agora.xtec.cat\/ceipnarcismonturiol\/wp-json\/wp\/v2\/media?parent=2600"}],"wp:term":[{"taxonomy":"category","embeddable":true,"href":"https:\/\/agora.xtec.cat\/ceipnarcismonturiol\/wp-json\/wp\/v2\/categories?post=2600"},{"taxonomy":"post_tag","embeddable":true,"href":"https:\/\/agora.xtec.cat\/ceipnarcismonturiol\/wp-json\/wp\/v2\/tags?post=2600"}],"curies":[{"name":"wp","href":"https:\/\/api.w.org\/{rel}","templated":true}]}}