{"id":2556,"date":"2025-03-18T15:43:18","date_gmt":"2025-03-18T14:43:18","guid":{"rendered":"https:\/\/agora.xtec.cat\/ceipnarcismonturiol\/?p=2556"},"modified":"2025-03-18T15:43:18","modified_gmt":"2025-03-18T14:43:18","slug":"poblat-iberic-5e","status":"publish","type":"post","link":"https:\/\/agora.xtec.cat\/ceipnarcismonturiol\/general\/poblat-iberic-5e\/","title":{"rendered":"POBLAT IB\u00c8RIC &#8211; 5\u00e8"},"content":{"rendered":"<p style=\"text-align: justify;\">Els nens i les nenes de 5\u00e8 hem fet una sortida molt especial al poblat ib\u00e8ric d\u2019Ullastret.<\/p>\n<p style=\"text-align: justify;\">Com que a classe estem estudiant l\u2019edat antiga, hem aprofitat l\u2019oportunitat per con\u00e8ixer de primera m\u00e0 com vivien els ibers. Hem passejat per les restes arqueol\u00f2giques, descobrint les seves cases, muralles i altres construccions que ens ajuden a entendre millor el seu dia a dia.<\/p>\n<p style=\"text-align: justify;\">A m\u00e9s, hem apr\u00e8s moltes curiositats sobre la seva cultura, les seves creences i la seva manera de viure gr\u00e0cies a les explicacions del Miquel, el guia.<br \/>\nTamb\u00e9 hem tingut l\u2019oportunitat de fer un taller de cer\u00e0mica i fer la nostra petita obra.<\/p>\n<p style=\"text-align: justify;\">Ha estat una experi\u00e8ncia molt enriquidora i una manera divertida d\u2019aprendre hist\u00f2ria fora de l\u2019aula!<\/p>\n<p style=\"text-align: justify;\"><a href=\"https:\/\/drive.google.com\/drive\/folders\/1-82sGRlSZ3OvymXDMIuJJULTipxiHAXP?usp=sharing\"><img loading=\"lazy\" decoding=\"async\" class=\"wp-image-2560 aligncenter\" src=\"https:\/\/agora.xtec.cat\/ceipnarcismonturiol\/wp-content\/uploads\/usu821\/2025\/03\/1234.png\" alt=\"\" width=\"530\" height=\"322\" srcset=\"https:\/\/agora.xtec.cat\/ceipnarcismonturiol\/wp-content\/uploads\/usu821\/2025\/03\/1234.png 756w, https:\/\/agora.xtec.cat\/ceipnarcismonturiol\/wp-content\/uploads\/usu821\/2025\/03\/1234-300x182.png 300w\" sizes=\"auto, (max-width: 530px) 100vw, 530px\" \/><\/a><\/p>\n<p style=\"text-align: justify;\"><strong>Recordem que per visualitzar les imatges vau rebre un \u201cTokApp\u201d amb el codi per accedir-hi.<\/strong><\/p>\n","protected":false},"excerpt":{"rendered":"<p>Els nens i les nenes de 5\u00e8 hem fet una sortida molt especial al poblat ib\u00e8ric d\u2019Ullastret.<br \/>\nCom que a classe estem estudiant l\u2019edat antiga, hem aprofitat l\u2019oportunitat per con\u00e8ixer de primera m\u00e0 com vivien els ibers. Hem passejat per les restes arqueol\u00f2giques, descobrint les seves&hellip;  <a href=\"https:\/\/agora.xtec.cat\/ceipnarcismonturiol\/general\/poblat-iberic-5e\/\" title=\"Read POBLAT IB\u00c8RIC &#8211; 5\u00e8\">Llegeix m\u00e9s\u00bb<\/a><\/p>\n","protected":false},"author":1,"featured_media":2560,"comment_status":"closed","ping_status":"closed","sticky":false,"template":"","format":"standard","meta":{"_bbp_topic_count":0,"_bbp_reply_count":0,"_bbp_total_topic_count":0,"_bbp_total_reply_count":0,"_bbp_voice_count":0,"_bbp_anonymous_reply_count":0,"_bbp_topic_count_hidden":0,"_bbp_reply_count_hidden":0,"_bbp_forum_subforum_count":0,"footnotes":""},"categories":[1,4,5],"tags":[],"class_list":["post-2556","post","type-post","status-publish","format-standard","has-post-thumbnail","hentry","category-general","category-portada","category-primaria"],"post_mailing_queue_ids":[],"_links":{"self":[{"href":"https:\/\/agora.xtec.cat\/ceipnarcismonturiol\/wp-json\/wp\/v2\/posts\/2556","targetHints":{"allow":["GET"]}}],"collection":[{"href":"https:\/\/agora.xtec.cat\/ceipnarcismonturiol\/wp-json\/wp\/v2\/posts"}],"about":[{"href":"https:\/\/agora.xtec.cat\/ceipnarcismonturiol\/wp-json\/wp\/v2\/types\/post"}],"author":[{"embeddable":true,"href":"https:\/\/agora.xtec.cat\/ceipnarcismonturiol\/wp-json\/wp\/v2\/users\/1"}],"replies":[{"embeddable":true,"href":"https:\/\/agora.xtec.cat\/ceipnarcismonturiol\/wp-json\/wp\/v2\/comments?post=2556"}],"version-history":[{"count":1,"href":"https:\/\/agora.xtec.cat\/ceipnarcismonturiol\/wp-json\/wp\/v2\/posts\/2556\/revisions"}],"predecessor-version":[{"id":2561,"href":"https:\/\/agora.xtec.cat\/ceipnarcismonturiol\/wp-json\/wp\/v2\/posts\/2556\/revisions\/2561"}],"wp:featuredmedia":[{"embeddable":true,"href":"https:\/\/agora.xtec.cat\/ceipnarcismonturiol\/wp-json\/wp\/v2\/media\/2560"}],"wp:attachment":[{"href":"https:\/\/agora.xtec.cat\/ceipnarcismonturiol\/wp-json\/wp\/v2\/media?parent=2556"}],"wp:term":[{"taxonomy":"category","embeddable":true,"href":"https:\/\/agora.xtec.cat\/ceipnarcismonturiol\/wp-json\/wp\/v2\/categories?post=2556"},{"taxonomy":"post_tag","embeddable":true,"href":"https:\/\/agora.xtec.cat\/ceipnarcismonturiol\/wp-json\/wp\/v2\/tags?post=2556"}],"curies":[{"name":"wp","href":"https:\/\/api.w.org\/{rel}","templated":true}]}}