{"id":2548,"date":"2025-03-17T08:00:19","date_gmt":"2025-03-17T07:00:19","guid":{"rendered":"https:\/\/agora.xtec.cat\/ceipnarcismonturiol\/?p=2548"},"modified":"2025-03-15T23:19:37","modified_gmt":"2025-03-15T22:19:37","slug":"recitacio-omnium-2025","status":"publish","type":"post","link":"https:\/\/agora.xtec.cat\/ceipnarcismonturiol\/general\/recitacio-omnium-2025\/","title":{"rendered":"RECITACI\u00d3 OMNIUM 2025"},"content":{"rendered":"<p data-start=\"0\" data-end=\"229\">L\u2019alumnat de Prim\u00e0ria, com cada any, ha participat en el 46\u00e8 Concurs de Recitaci\u00f3 Maria Verdaguer. Ha estat una experi\u00e8ncia molt enriquidora per a tots i totes, que han destacat pel seu gran esfor\u00e7 i la seva actuaci\u00f3 excel\u00b7lent!<\/p>\n<p data-start=\"231\" data-end=\"259\">Enhorabona a tots i a totes!<\/p>\n<p data-start=\"231\" data-end=\"259\"><a href=\"https:\/\/agora.xtec.cat\/ceipnarcismonturiol\/?p=2551&amp;preview=true\"><img loading=\"lazy\" decoding=\"async\" class=\" wp-image-2549 aligncenter\" src=\"https:\/\/agora.xtec.cat\/ceipnarcismonturiol\/wp-content\/uploads\/usu821\/2025\/03\/Captura-de-pantalla-2025-03-15-231617.png\" alt=\"\" width=\"344\" height=\"353\" srcset=\"https:\/\/agora.xtec.cat\/ceipnarcismonturiol\/wp-content\/uploads\/usu821\/2025\/03\/Captura-de-pantalla-2025-03-15-231617.png 445w, https:\/\/agora.xtec.cat\/ceipnarcismonturiol\/wp-content\/uploads\/usu821\/2025\/03\/Captura-de-pantalla-2025-03-15-231617-292x300.png 292w\" sizes=\"auto, (max-width: 344px) 100vw, 344px\" \/><\/a><\/p>\n<p data-start=\"231\" data-end=\"259\"><strong>Recordem que per visualitzar les imatges vau rebre un \u201cTokApp\u201d amb el codi per accedir-hi.<\/strong><\/p>\n","protected":false},"excerpt":{"rendered":"<p>L\u2019alumnat de Prim\u00e0ria, com cada any, ha participat en el 46\u00e8 Concurs de Recitaci\u00f3 Maria Verdaguer. Ha estat una experi\u00e8ncia molt enriquidora per a tots i totes, que han destacat pel seu gran esfor\u00e7 i la seva actuaci\u00f3 excel\u00b7lent!<br \/>\nEnhorabona a tots i a totes!<br \/>\n<a href=\"https:\/\/agora.xtec.cat\/ceipnarcismonturiol\/?p=2551&amp;preview=true\"><\/a><br \/>\nRecordem&hellip;  <a href=\"https:\/\/agora.xtec.cat\/ceipnarcismonturiol\/general\/recitacio-omnium-2025\/\" title=\"Read RECITACI\u00d3 OMNIUM 2025\">Llegeix m\u00e9s\u00bb<\/a><\/p>\n","protected":false},"author":1,"featured_media":2549,"comment_status":"closed","ping_status":"closed","sticky":false,"template":"","format":"standard","meta":{"_bbp_topic_count":0,"_bbp_reply_count":0,"_bbp_total_topic_count":0,"_bbp_total_reply_count":0,"_bbp_voice_count":0,"_bbp_anonymous_reply_count":0,"_bbp_topic_count_hidden":0,"_bbp_reply_count_hidden":0,"_bbp_forum_subforum_count":0,"footnotes":""},"categories":[1,4,5],"tags":[],"class_list":["post-2548","post","type-post","status-publish","format-standard","has-post-thumbnail","hentry","category-general","category-portada","category-primaria"],"post_mailing_queue_ids":[],"_links":{"self":[{"href":"https:\/\/agora.xtec.cat\/ceipnarcismonturiol\/wp-json\/wp\/v2\/posts\/2548","targetHints":{"allow":["GET"]}}],"collection":[{"href":"https:\/\/agora.xtec.cat\/ceipnarcismonturiol\/wp-json\/wp\/v2\/posts"}],"about":[{"href":"https:\/\/agora.xtec.cat\/ceipnarcismonturiol\/wp-json\/wp\/v2\/types\/post"}],"author":[{"embeddable":true,"href":"https:\/\/agora.xtec.cat\/ceipnarcismonturiol\/wp-json\/wp\/v2\/users\/1"}],"replies":[{"embeddable":true,"href":"https:\/\/agora.xtec.cat\/ceipnarcismonturiol\/wp-json\/wp\/v2\/comments?post=2548"}],"version-history":[{"count":1,"href":"https:\/\/agora.xtec.cat\/ceipnarcismonturiol\/wp-json\/wp\/v2\/posts\/2548\/revisions"}],"predecessor-version":[{"id":2554,"href":"https:\/\/agora.xtec.cat\/ceipnarcismonturiol\/wp-json\/wp\/v2\/posts\/2548\/revisions\/2554"}],"wp:featuredmedia":[{"embeddable":true,"href":"https:\/\/agora.xtec.cat\/ceipnarcismonturiol\/wp-json\/wp\/v2\/media\/2549"}],"wp:attachment":[{"href":"https:\/\/agora.xtec.cat\/ceipnarcismonturiol\/wp-json\/wp\/v2\/media?parent=2548"}],"wp:term":[{"taxonomy":"category","embeddable":true,"href":"https:\/\/agora.xtec.cat\/ceipnarcismonturiol\/wp-json\/wp\/v2\/categories?post=2548"},{"taxonomy":"post_tag","embeddable":true,"href":"https:\/\/agora.xtec.cat\/ceipnarcismonturiol\/wp-json\/wp\/v2\/tags?post=2548"}],"curies":[{"name":"wp","href":"https:\/\/api.w.org\/{rel}","templated":true}]}}