{"id":2503,"date":"2025-02-26T09:47:34","date_gmt":"2025-02-26T08:47:34","guid":{"rendered":"https:\/\/agora.xtec.cat\/ceipnarcismonturiol\/?p=2503"},"modified":"2025-02-26T09:47:34","modified_gmt":"2025-02-26T08:47:34","slug":"anem-al-circ-ci","status":"publish","type":"post","link":"https:\/\/agora.xtec.cat\/ceipnarcismonturiol\/general\/anem-al-circ-ci\/","title":{"rendered":"ANEM AL CIRC! &#8211; CI"},"content":{"rendered":"<p>El 21 de febrer, els alumnes de 1r i 2n de l&#8217;escola Narc\u00eds Monturiol vam tenir l&#8217;oportunitat de viure una experi\u00e8ncia \u00fanica a la 13a edici\u00f3 de festival internacional de circ Elefant d&#8217;Or a Girona!<\/p>\n<p>Des del moment en qu\u00e8 vam arribar vam estar molt emocionats i emocionades. Vam gaudir de l\u2019espectacle d\u2019artistes com, acr\u00f2bates, malabaristes o pallassos que van arribar de tots els racons del planeta per oferir-nos un espectacle espectacular.<\/p>\n<p>Cada actuaci\u00f3 ens va deixar bocabadats! La m\u00e0gia del circ ens va transportar a un m\u00f3n ple de color i diversi\u00f3, i ens va recordar la import\u00e0ncia de l&#8217;art i la creativitat. Sense dubte, va ser una jornada plena de m\u00e0gia, diversi\u00f3 i aprenentatge!<\/p>\n<p><a href=\"https:\/\/agora.xtec.cat\/ceipnarcismonturiol\/?p=2507&amp;preview=true\"><img loading=\"lazy\" decoding=\"async\" class=\" wp-image-2506 aligncenter\" src=\"https:\/\/agora.xtec.cat\/ceipnarcismonturiol\/wp-content\/uploads\/usu821\/2025\/02\/Captura.png\" alt=\"\" width=\"271\" height=\"327\" srcset=\"https:\/\/agora.xtec.cat\/ceipnarcismonturiol\/wp-content\/uploads\/usu821\/2025\/02\/Captura.png 532w, https:\/\/agora.xtec.cat\/ceipnarcismonturiol\/wp-content\/uploads\/usu821\/2025\/02\/Captura-249x300.png 249w\" sizes=\"auto, (max-width: 271px) 100vw, 271px\" \/><\/a><\/p>\n<p><strong>Recordem que per visualitzar les imatges vau rebre un \u201cTokApp\u201d amb el codi per accedir-hi.<\/strong><\/p>\n","protected":false},"excerpt":{"rendered":"<p>El 21 de febrer, els alumnes de 1r i 2n de l&#8217;escola Narc\u00eds Monturiol vam tenir l&#8217;oportunitat de viure una experi\u00e8ncia \u00fanica a la 13a edici\u00f3 de festival internacional de circ Elefant d&#8217;Or a Girona!<br \/>\nDes del moment en qu\u00e8 vam arribar vam estar molt emocionats&hellip;  <a href=\"https:\/\/agora.xtec.cat\/ceipnarcismonturiol\/general\/anem-al-circ-ci\/\" title=\"Read ANEM AL CIRC! &#8211; CI\">Llegeix m\u00e9s\u00bb<\/a><\/p>\n","protected":false},"author":1,"featured_media":2506,"comment_status":"closed","ping_status":"closed","sticky":false,"template":"","format":"standard","meta":{"_bbp_topic_count":0,"_bbp_reply_count":0,"_bbp_total_topic_count":0,"_bbp_total_reply_count":0,"_bbp_voice_count":0,"_bbp_anonymous_reply_count":0,"_bbp_topic_count_hidden":0,"_bbp_reply_count_hidden":0,"_bbp_forum_subforum_count":0,"footnotes":""},"categories":[10,1,4,5],"tags":[],"class_list":["post-2503","post","type-post","status-publish","format-standard","has-post-thumbnail","hentry","category-ci","category-general","category-portada","category-primaria"],"post_mailing_queue_ids":[],"_links":{"self":[{"href":"https:\/\/agora.xtec.cat\/ceipnarcismonturiol\/wp-json\/wp\/v2\/posts\/2503","targetHints":{"allow":["GET"]}}],"collection":[{"href":"https:\/\/agora.xtec.cat\/ceipnarcismonturiol\/wp-json\/wp\/v2\/posts"}],"about":[{"href":"https:\/\/agora.xtec.cat\/ceipnarcismonturiol\/wp-json\/wp\/v2\/types\/post"}],"author":[{"embeddable":true,"href":"https:\/\/agora.xtec.cat\/ceipnarcismonturiol\/wp-json\/wp\/v2\/users\/1"}],"replies":[{"embeddable":true,"href":"https:\/\/agora.xtec.cat\/ceipnarcismonturiol\/wp-json\/wp\/v2\/comments?post=2503"}],"version-history":[{"count":1,"href":"https:\/\/agora.xtec.cat\/ceipnarcismonturiol\/wp-json\/wp\/v2\/posts\/2503\/revisions"}],"predecessor-version":[{"id":2509,"href":"https:\/\/agora.xtec.cat\/ceipnarcismonturiol\/wp-json\/wp\/v2\/posts\/2503\/revisions\/2509"}],"wp:featuredmedia":[{"embeddable":true,"href":"https:\/\/agora.xtec.cat\/ceipnarcismonturiol\/wp-json\/wp\/v2\/media\/2506"}],"wp:attachment":[{"href":"https:\/\/agora.xtec.cat\/ceipnarcismonturiol\/wp-json\/wp\/v2\/media?parent=2503"}],"wp:term":[{"taxonomy":"category","embeddable":true,"href":"https:\/\/agora.xtec.cat\/ceipnarcismonturiol\/wp-json\/wp\/v2\/categories?post=2503"},{"taxonomy":"post_tag","embeddable":true,"href":"https:\/\/agora.xtec.cat\/ceipnarcismonturiol\/wp-json\/wp\/v2\/tags?post=2503"}],"curies":[{"name":"wp","href":"https:\/\/api.w.org\/{rel}","templated":true}]}}