{"id":2479,"date":"2025-02-04T15:36:00","date_gmt":"2025-02-04T14:36:00","guid":{"rendered":"https:\/\/agora.xtec.cat\/ceipnarcismonturiol\/?p=2479"},"modified":"2025-02-04T15:36:37","modified_gmt":"2025-02-04T14:36:37","slug":"aules-tematiques-infantil","status":"publish","type":"post","link":"https:\/\/agora.xtec.cat\/ceipnarcismonturiol\/general\/aules-tematiques-infantil\/","title":{"rendered":"AULES TEM\u00c0TIQUES &#8211; INFANTIL"},"content":{"rendered":"<p><span style=\"font-weight: 400;\">A Infantil, cada dia \u00e9s una aventura d\u2019aprenentatge i descoberta! Les nostres <\/span><b>aules tem\u00e0tiques<\/b><span style=\"font-weight: 400;\"> ofereixen als infants d\u2019I3, I4 i I5 un espai ric en experi\u00e8ncies on poden experimentar, explorar i gaudir mentre desenvolupen habilitats essencials.<\/span><\/p>\n<p><span style=\"font-weight: 400;\">\ud83e\udd38<\/span><b>Psicomotricitat<\/b><span style=\"font-weight: 400;\">: Cossos en moviment, salts, equilibri i reptes que ajuden a millorar la coordinaci\u00f3 i el domini del propi cos.<\/span><span style=\"font-weight: 400;\"><br \/>\n<\/span><span style=\"font-weight: 400;\">\ud83c\udfa8 <\/span><b>Art<\/b><span style=\"font-weight: 400;\">: Colors, textures i molta creativitat! Cada tra\u00e7 \u00e9s una expressi\u00f3 i cada obra, una petita gran creaci\u00f3.<\/span><span style=\"font-weight: 400;\"><br \/>\n<\/span><span style=\"font-weight: 400;\">\ud83d\udd90 <\/span><b>Motricitat fina<\/b><span style=\"font-weight: 400;\">: Entre pinces, fils i petits objectes, potenciem la precisi\u00f3 i la destresa manual amb activitats que requereixen concentraci\u00f3 i habilitat.<\/span><span style=\"font-weight: 400;\"><br \/>\n<\/span><span style=\"font-weight: 400;\">\ud83c\udfd7 <\/span><b>Construccions<\/b><span style=\"font-weight: 400;\">: L\u2019enginy i la imaginaci\u00f3 s\u2019uneixen per crear estructures sorprenents, treballant la l\u00f2gica, l\u2019espacialitat i el joc cooperatiu.<\/span><\/p>\n<p><span style=\"font-weight: 400;\">A trav\u00e9s d\u2019aquestes sessions, els infants exploren, creen i comparteixen experi\u00e8ncies enriquidores que afavoreixen el seu desenvolupament integral. Us convidem a fer una ullada a les imatges d\u2019aquestes sessions plenes d\u2019aprenentatge i diversi\u00f3! \ud83d\udcf8\u2728<\/span><\/p>\n<p><a href=\"https:\/\/agora.xtec.cat\/ceipnarcismonturiol\/?p=2482&amp;preview=true\"><img loading=\"lazy\" decoding=\"async\" class=\"wp-image-2480 aligncenter\" src=\"https:\/\/agora.xtec.cat\/ceipnarcismonturiol\/wp-content\/uploads\/usu821\/2025\/02\/Captura-de-pantalla-2025-02-04-153312.png\" alt=\"\" width=\"263\" height=\"330\" srcset=\"https:\/\/agora.xtec.cat\/ceipnarcismonturiol\/wp-content\/uploads\/usu821\/2025\/02\/Captura-de-pantalla-2025-02-04-153312.png 469w, https:\/\/agora.xtec.cat\/ceipnarcismonturiol\/wp-content\/uploads\/usu821\/2025\/02\/Captura-de-pantalla-2025-02-04-153312-239x300.png 239w\" sizes=\"auto, (max-width: 263px) 100vw, 263px\" \/><\/a><\/p>\n<p><strong>Recordem que per visualitzar les imatges vau rebre un \u201cTokApp\u201d amb el codi per accedir-hi.<\/strong><\/p>\n","protected":false},"excerpt":{"rendered":"<p>A Infantil, cada dia \u00e9s una aventura d\u2019aprenentatge i descoberta! Les nostres aules tem\u00e0tiques ofereixen als infants d\u2019I3, I4 i I5 un espai ric en experi\u00e8ncies on poden experimentar, explorar i gaudir mentre desenvolupen habilitats essencials.<br \/>\n\ud83e\udd38Psicomotricitat: Cossos en moviment, salts, equilibri i reptes que ajuden&hellip;  <a href=\"https:\/\/agora.xtec.cat\/ceipnarcismonturiol\/general\/aules-tematiques-infantil\/\" title=\"Read AULES TEM\u00c0TIQUES &#8211; INFANTIL\">Llegeix m\u00e9s\u00bb<\/a><\/p>\n","protected":false},"author":1,"featured_media":2480,"comment_status":"closed","ping_status":"closed","sticky":false,"template":"","format":"standard","meta":{"_bbp_topic_count":0,"_bbp_reply_count":0,"_bbp_total_topic_count":0,"_bbp_total_reply_count":0,"_bbp_voice_count":0,"_bbp_anonymous_reply_count":0,"_bbp_topic_count_hidden":0,"_bbp_reply_count_hidden":0,"_bbp_forum_subforum_count":0,"footnotes":""},"categories":[1,2,4],"tags":[],"class_list":["post-2479","post","type-post","status-publish","format-standard","has-post-thumbnail","hentry","category-general","category-infantil","category-portada"],"post_mailing_queue_ids":[],"_links":{"self":[{"href":"https:\/\/agora.xtec.cat\/ceipnarcismonturiol\/wp-json\/wp\/v2\/posts\/2479","targetHints":{"allow":["GET"]}}],"collection":[{"href":"https:\/\/agora.xtec.cat\/ceipnarcismonturiol\/wp-json\/wp\/v2\/posts"}],"about":[{"href":"https:\/\/agora.xtec.cat\/ceipnarcismonturiol\/wp-json\/wp\/v2\/types\/post"}],"author":[{"embeddable":true,"href":"https:\/\/agora.xtec.cat\/ceipnarcismonturiol\/wp-json\/wp\/v2\/users\/1"}],"replies":[{"embeddable":true,"href":"https:\/\/agora.xtec.cat\/ceipnarcismonturiol\/wp-json\/wp\/v2\/comments?post=2479"}],"version-history":[{"count":1,"href":"https:\/\/agora.xtec.cat\/ceipnarcismonturiol\/wp-json\/wp\/v2\/posts\/2479\/revisions"}],"predecessor-version":[{"id":2484,"href":"https:\/\/agora.xtec.cat\/ceipnarcismonturiol\/wp-json\/wp\/v2\/posts\/2479\/revisions\/2484"}],"wp:featuredmedia":[{"embeddable":true,"href":"https:\/\/agora.xtec.cat\/ceipnarcismonturiol\/wp-json\/wp\/v2\/media\/2480"}],"wp:attachment":[{"href":"https:\/\/agora.xtec.cat\/ceipnarcismonturiol\/wp-json\/wp\/v2\/media?parent=2479"}],"wp:term":[{"taxonomy":"category","embeddable":true,"href":"https:\/\/agora.xtec.cat\/ceipnarcismonturiol\/wp-json\/wp\/v2\/categories?post=2479"},{"taxonomy":"post_tag","embeddable":true,"href":"https:\/\/agora.xtec.cat\/ceipnarcismonturiol\/wp-json\/wp\/v2\/tags?post=2479"}],"curies":[{"name":"wp","href":"https:\/\/api.w.org\/{rel}","templated":true}]}}