{"id":2464,"date":"2025-01-30T16:47:27","date_gmt":"2025-01-30T15:47:27","guid":{"rendered":"https:\/\/agora.xtec.cat\/ceipnarcismonturiol\/?p=2464"},"modified":"2025-01-30T16:47:27","modified_gmt":"2025-01-30T15:47:27","slug":"compartim-amb-la-gent-gran-cm","status":"publish","type":"post","link":"https:\/\/agora.xtec.cat\/ceipnarcismonturiol\/general\/compartim-amb-la-gent-gran-cm\/","title":{"rendered":"COMPARTIM AMB LA GENT GRAN &#8211; CM"},"content":{"rendered":"<p><span style=\"font-weight: 400;\">Aquesta setmana, els i les alumnes de Cicle Mitj\u00e0 hem obert les portes de l\u2019escola als nostres \u00e0vis i \u00e0vies per gaudir d\u2019una estona de joc plegats. Amb ells, hem rigut, compartit experi\u00e8ncies i descobert que les relacions intergeneracionals ens enriqueixen i ens ajuden a cr\u00e9ixer com a persones. Aprendre connectats amb el nostre entorn \u00e9s essencial per comprendre millor el m\u00f3n que ens envolta, refor\u00e7ar els vincles i valorar la import\u00e0ncia de la conviv\u00e8ncia i el respecte entre generacions.<\/span><\/p>\n<p><a href=\"https:\/\/agora.xtec.cat\/ceipnarcismonturiol\/wp-content\/uploads\/usu821\/2025\/01\/Captura.png\"><img loading=\"lazy\" decoding=\"async\" class=\"wp-image-2468 aligncenter\" src=\"https:\/\/agora.xtec.cat\/ceipnarcismonturiol\/wp-content\/uploads\/usu821\/2025\/01\/Captura-1024x643.png\" alt=\"\" width=\"484\" height=\"304\" srcset=\"https:\/\/agora.xtec.cat\/ceipnarcismonturiol\/wp-content\/uploads\/usu821\/2025\/01\/Captura-1024x643.png 1024w, https:\/\/agora.xtec.cat\/ceipnarcismonturiol\/wp-content\/uploads\/usu821\/2025\/01\/Captura-300x188.png 300w, https:\/\/agora.xtec.cat\/ceipnarcismonturiol\/wp-content\/uploads\/usu821\/2025\/01\/Captura-768x482.png 768w, https:\/\/agora.xtec.cat\/ceipnarcismonturiol\/wp-content\/uploads\/usu821\/2025\/01\/Captura.png 1113w\" sizes=\"auto, (max-width: 484px) 100vw, 484px\" \/><\/a><\/p>\n<p><strong>Recordem que per visualitzar les imatges vau rebre un \u201cTokApp\u201d amb el codi per accedir-hi.<\/strong><\/p>\n","protected":false},"excerpt":{"rendered":"<p>Aquesta setmana, els i les alumnes de Cicle Mitj\u00e0 hem obert les portes de l\u2019escola als nostres \u00e0vis i \u00e0vies per gaudir d\u2019una estona de joc plegats. Amb ells, hem rigut, compartit experi\u00e8ncies i descobert que les relacions intergeneracionals ens enriqueixen i ens ajuden a&hellip;  <a href=\"https:\/\/agora.xtec.cat\/ceipnarcismonturiol\/general\/compartim-amb-la-gent-gran-cm\/\" title=\"Read COMPARTIM AMB LA GENT GRAN &#8211; CM\">Llegeix m\u00e9s\u00bb<\/a><\/p>\n","protected":false},"author":1,"featured_media":2468,"comment_status":"closed","ping_status":"closed","sticky":false,"template":"","format":"standard","meta":{"_bbp_topic_count":0,"_bbp_reply_count":0,"_bbp_total_topic_count":0,"_bbp_total_reply_count":0,"_bbp_voice_count":0,"_bbp_anonymous_reply_count":0,"_bbp_topic_count_hidden":0,"_bbp_reply_count_hidden":0,"_bbp_forum_subforum_count":0,"footnotes":""},"categories":[1,4,5],"tags":[],"class_list":["post-2464","post","type-post","status-publish","format-standard","has-post-thumbnail","hentry","category-general","category-portada","category-primaria"],"post_mailing_queue_ids":[],"_links":{"self":[{"href":"https:\/\/agora.xtec.cat\/ceipnarcismonturiol\/wp-json\/wp\/v2\/posts\/2464","targetHints":{"allow":["GET"]}}],"collection":[{"href":"https:\/\/agora.xtec.cat\/ceipnarcismonturiol\/wp-json\/wp\/v2\/posts"}],"about":[{"href":"https:\/\/agora.xtec.cat\/ceipnarcismonturiol\/wp-json\/wp\/v2\/types\/post"}],"author":[{"embeddable":true,"href":"https:\/\/agora.xtec.cat\/ceipnarcismonturiol\/wp-json\/wp\/v2\/users\/1"}],"replies":[{"embeddable":true,"href":"https:\/\/agora.xtec.cat\/ceipnarcismonturiol\/wp-json\/wp\/v2\/comments?post=2464"}],"version-history":[{"count":2,"href":"https:\/\/agora.xtec.cat\/ceipnarcismonturiol\/wp-json\/wp\/v2\/posts\/2464\/revisions"}],"predecessor-version":[{"id":2471,"href":"https:\/\/agora.xtec.cat\/ceipnarcismonturiol\/wp-json\/wp\/v2\/posts\/2464\/revisions\/2471"}],"wp:featuredmedia":[{"embeddable":true,"href":"https:\/\/agora.xtec.cat\/ceipnarcismonturiol\/wp-json\/wp\/v2\/media\/2468"}],"wp:attachment":[{"href":"https:\/\/agora.xtec.cat\/ceipnarcismonturiol\/wp-json\/wp\/v2\/media?parent=2464"}],"wp:term":[{"taxonomy":"category","embeddable":true,"href":"https:\/\/agora.xtec.cat\/ceipnarcismonturiol\/wp-json\/wp\/v2\/categories?post=2464"},{"taxonomy":"post_tag","embeddable":true,"href":"https:\/\/agora.xtec.cat\/ceipnarcismonturiol\/wp-json\/wp\/v2\/tags?post=2464"}],"curies":[{"name":"wp","href":"https:\/\/api.w.org\/{rel}","templated":true}]}}