{"id":2434,"date":"2025-01-17T12:15:10","date_gmt":"2025-01-17T11:15:10","guid":{"rendered":"https:\/\/agora.xtec.cat\/ceipnarcismonturiol\/?p=2434"},"modified":"2025-01-17T12:15:10","modified_gmt":"2025-01-17T11:15:10","slug":"taller-biosfera-3r","status":"publish","type":"post","link":"https:\/\/agora.xtec.cat\/ceipnarcismonturiol\/general\/taller-biosfera-3r\/","title":{"rendered":"TALLER BIOSFERA &#8211; 3R"},"content":{"rendered":"<p><span style=\"font-weight: 400;\">Aquesta setmana els i les alumnes de 3r hem dut a terme un taller per con\u00e8ixer l&#8217;impacte i conseq\u00fc\u00e8ncies de la pres\u00e8ncia d&#8217;esp\u00e8cies invasores al nostre ecosistema.<\/span><\/p>\n<p><span style=\"font-weight: 400;\">Gr\u00e0cies a l&#8217;Associaci\u00f3 Biosfera pel comprom\u00eds amb el medi ambient i el nostre territori. L&#8217;educaci\u00f3 ambiental ens permet prendre consci\u00e8ncia de les problem\u00e0tiques presents i futures, per tal d&#8217;actuar d&#8217;acord amb els Objectius de Desenvolupament Sostenible.<\/span><\/p>\n<p><span style=\"font-weight: 400;\">#vidasubmarina #vidadecosistemesterrestres #educaci\u00f3ambiental <\/span><\/p>\n<p><a href=\"https:\/\/agora.xtec.cat\/ceipnarcismonturiol\/?p=2438&amp;preview=true\"><img loading=\"lazy\" decoding=\"async\" class=\" wp-image-2437 aligncenter\" src=\"https:\/\/agora.xtec.cat\/ceipnarcismonturiol\/wp-content\/uploads\/usu821\/2025\/01\/1111111.png\" alt=\"\" width=\"310\" height=\"341\" srcset=\"https:\/\/agora.xtec.cat\/ceipnarcismonturiol\/wp-content\/uploads\/usu821\/2025\/01\/1111111.png 523w, https:\/\/agora.xtec.cat\/ceipnarcismonturiol\/wp-content\/uploads\/usu821\/2025\/01\/1111111-272x300.png 272w\" sizes=\"auto, (max-width: 310px) 100vw, 310px\" \/><\/a><\/p>\n<p><strong>Recordem que per visualitzar les imatges vau rebre un \u201cTokApp\u201d amb el codi per accedir-hi<\/strong><\/p>\n","protected":false},"excerpt":{"rendered":"<p>Aquesta setmana els i les alumnes de 3r hem dut a terme un taller per con\u00e8ixer l&#8217;impacte i conseq\u00fc\u00e8ncies de la pres\u00e8ncia d&#8217;esp\u00e8cies invasores al nostre ecosistema.<br \/>\nGr\u00e0cies a l&#8217;Associaci\u00f3 Biosfera pel comprom\u00eds amb el medi ambient i el nostre territori. L&#8217;educaci\u00f3 ambiental ens permet prendre&hellip;  <a href=\"https:\/\/agora.xtec.cat\/ceipnarcismonturiol\/general\/taller-biosfera-3r\/\" title=\"Read TALLER BIOSFERA &#8211; 3R\">Llegeix m\u00e9s\u00bb<\/a><\/p>\n","protected":false},"author":1,"featured_media":2437,"comment_status":"closed","ping_status":"closed","sticky":false,"template":"","format":"standard","meta":{"_bbp_topic_count":0,"_bbp_reply_count":0,"_bbp_total_topic_count":0,"_bbp_total_reply_count":0,"_bbp_voice_count":0,"_bbp_anonymous_reply_count":0,"_bbp_topic_count_hidden":0,"_bbp_reply_count_hidden":0,"_bbp_forum_subforum_count":0,"footnotes":""},"categories":[1,4,5],"tags":[],"class_list":["post-2434","post","type-post","status-publish","format-standard","has-post-thumbnail","hentry","category-general","category-portada","category-primaria"],"post_mailing_queue_ids":[],"_links":{"self":[{"href":"https:\/\/agora.xtec.cat\/ceipnarcismonturiol\/wp-json\/wp\/v2\/posts\/2434","targetHints":{"allow":["GET"]}}],"collection":[{"href":"https:\/\/agora.xtec.cat\/ceipnarcismonturiol\/wp-json\/wp\/v2\/posts"}],"about":[{"href":"https:\/\/agora.xtec.cat\/ceipnarcismonturiol\/wp-json\/wp\/v2\/types\/post"}],"author":[{"embeddable":true,"href":"https:\/\/agora.xtec.cat\/ceipnarcismonturiol\/wp-json\/wp\/v2\/users\/1"}],"replies":[{"embeddable":true,"href":"https:\/\/agora.xtec.cat\/ceipnarcismonturiol\/wp-json\/wp\/v2\/comments?post=2434"}],"version-history":[{"count":1,"href":"https:\/\/agora.xtec.cat\/ceipnarcismonturiol\/wp-json\/wp\/v2\/posts\/2434\/revisions"}],"predecessor-version":[{"id":2440,"href":"https:\/\/agora.xtec.cat\/ceipnarcismonturiol\/wp-json\/wp\/v2\/posts\/2434\/revisions\/2440"}],"wp:featuredmedia":[{"embeddable":true,"href":"https:\/\/agora.xtec.cat\/ceipnarcismonturiol\/wp-json\/wp\/v2\/media\/2437"}],"wp:attachment":[{"href":"https:\/\/agora.xtec.cat\/ceipnarcismonturiol\/wp-json\/wp\/v2\/media?parent=2434"}],"wp:term":[{"taxonomy":"category","embeddable":true,"href":"https:\/\/agora.xtec.cat\/ceipnarcismonturiol\/wp-json\/wp\/v2\/categories?post=2434"},{"taxonomy":"post_tag","embeddable":true,"href":"https:\/\/agora.xtec.cat\/ceipnarcismonturiol\/wp-json\/wp\/v2\/tags?post=2434"}],"curies":[{"name":"wp","href":"https:\/\/api.w.org\/{rel}","templated":true}]}}