{"id":2420,"date":"2024-12-23T23:48:06","date_gmt":"2024-12-23T22:48:06","guid":{"rendered":"https:\/\/agora.xtec.cat\/ceipnarcismonturiol\/?p=2420"},"modified":"2024-12-25T23:48:34","modified_gmt":"2024-12-25T22:48:34","slug":"nadal-a-lescola-2","status":"publish","type":"post","link":"https:\/\/agora.xtec.cat\/ceipnarcismonturiol\/general\/nadal-a-lescola-2\/","title":{"rendered":"NADAL A L&#8217;ESCOLA"},"content":{"rendered":"<p>El passat 19 i 20 de desembre, l&#8217;alumnat de l&#8217;escola va gaudir d&#8217;una s\u00e8rie d&#8217;activitats nadalenques. Un dels moments m\u00e9s esperats va ser l&#8217;arribada dels Patges Reials, als quals els alumnes van poder recitar i cantar les tradicionals can\u00e7ons de Nadal.<\/p>\n<p>Els m\u00e9s grans van celebrar l&#8217;activitat de l&#8217;amic invisible, tot compartint un esmorzar especial, mentre que els m\u00e9s petits van viure l&#8217;emoci\u00f3 de fer cagar el ti\u00f3.<\/p>\n<p>A m\u00e9s, vam gaudir de les meravelloses can\u00e7ons nadalenques preparades pels diferents cursos, que van poder escoltar al vest\u00edbul de l&#8217;escola.<\/p>\n<p><a href=\"https:\/\/agora.xtec.cat\/ceipnarcismonturiol\/?p=2423&amp;preview=true\"><img loading=\"lazy\" decoding=\"async\" class=\"wp-image-2422 aligncenter\" src=\"https:\/\/agora.xtec.cat\/ceipnarcismonturiol\/wp-content\/uploads\/usu821\/2024\/12\/Captura-de-pantalla-2024-12-25-233348.png\" alt=\"\" width=\"494\" height=\"288\" srcset=\"https:\/\/agora.xtec.cat\/ceipnarcismonturiol\/wp-content\/uploads\/usu821\/2024\/12\/Captura-de-pantalla-2024-12-25-233348.png 913w, https:\/\/agora.xtec.cat\/ceipnarcismonturiol\/wp-content\/uploads\/usu821\/2024\/12\/Captura-de-pantalla-2024-12-25-233348-300x175.png 300w, https:\/\/agora.xtec.cat\/ceipnarcismonturiol\/wp-content\/uploads\/usu821\/2024\/12\/Captura-de-pantalla-2024-12-25-233348-768x448.png 768w\" sizes=\"auto, (max-width: 494px) 100vw, 494px\" \/><\/a><\/p>\n<p><strong>Recordem que per visualitzar les imatges vau rebre un \u201cTokApp\u201d amb el codi per accedir-hi.<\/strong><\/p>\n","protected":false},"excerpt":{"rendered":"<p>El passat 19 i 20 de desembre, l&#8217;alumnat de l&#8217;escola va gaudir d&#8217;una s\u00e8rie d&#8217;activitats nadalenques. Un dels moments m\u00e9s esperats va ser l&#8217;arribada dels Patges Reials, als quals els alumnes van poder recitar i cantar les tradicionals can\u00e7ons de Nadal.<br \/>\nEls m\u00e9s grans van celebrar&hellip;  <a href=\"https:\/\/agora.xtec.cat\/ceipnarcismonturiol\/general\/nadal-a-lescola-2\/\" title=\"Read NADAL A L&#8217;ESCOLA\">Llegeix m\u00e9s\u00bb<\/a><\/p>\n","protected":false},"author":1,"featured_media":2422,"comment_status":"closed","ping_status":"closed","sticky":false,"template":"","format":"standard","meta":{"_bbp_topic_count":0,"_bbp_reply_count":0,"_bbp_total_topic_count":0,"_bbp_total_reply_count":0,"_bbp_voice_count":0,"_bbp_anonymous_reply_count":0,"_bbp_topic_count_hidden":0,"_bbp_reply_count_hidden":0,"_bbp_forum_subforum_count":0,"footnotes":""},"categories":[1,4,5],"tags":[],"class_list":["post-2420","post","type-post","status-publish","format-standard","has-post-thumbnail","hentry","category-general","category-portada","category-primaria"],"post_mailing_queue_ids":[],"_links":{"self":[{"href":"https:\/\/agora.xtec.cat\/ceipnarcismonturiol\/wp-json\/wp\/v2\/posts\/2420","targetHints":{"allow":["GET"]}}],"collection":[{"href":"https:\/\/agora.xtec.cat\/ceipnarcismonturiol\/wp-json\/wp\/v2\/posts"}],"about":[{"href":"https:\/\/agora.xtec.cat\/ceipnarcismonturiol\/wp-json\/wp\/v2\/types\/post"}],"author":[{"embeddable":true,"href":"https:\/\/agora.xtec.cat\/ceipnarcismonturiol\/wp-json\/wp\/v2\/users\/1"}],"replies":[{"embeddable":true,"href":"https:\/\/agora.xtec.cat\/ceipnarcismonturiol\/wp-json\/wp\/v2\/comments?post=2420"}],"version-history":[{"count":1,"href":"https:\/\/agora.xtec.cat\/ceipnarcismonturiol\/wp-json\/wp\/v2\/posts\/2420\/revisions"}],"predecessor-version":[{"id":2425,"href":"https:\/\/agora.xtec.cat\/ceipnarcismonturiol\/wp-json\/wp\/v2\/posts\/2420\/revisions\/2425"}],"wp:featuredmedia":[{"embeddable":true,"href":"https:\/\/agora.xtec.cat\/ceipnarcismonturiol\/wp-json\/wp\/v2\/media\/2422"}],"wp:attachment":[{"href":"https:\/\/agora.xtec.cat\/ceipnarcismonturiol\/wp-json\/wp\/v2\/media?parent=2420"}],"wp:term":[{"taxonomy":"category","embeddable":true,"href":"https:\/\/agora.xtec.cat\/ceipnarcismonturiol\/wp-json\/wp\/v2\/categories?post=2420"},{"taxonomy":"post_tag","embeddable":true,"href":"https:\/\/agora.xtec.cat\/ceipnarcismonturiol\/wp-json\/wp\/v2\/tags?post=2420"}],"curies":[{"name":"wp","href":"https:\/\/api.w.org\/{rel}","templated":true}]}}