{"id":2348,"date":"2024-11-19T19:23:57","date_gmt":"2024-11-19T18:23:57","guid":{"rendered":"https:\/\/agora.xtec.cat\/ceipnarcismonturiol\/?p=2348"},"modified":"2024-11-19T19:23:57","modified_gmt":"2024-11-19T18:23:57","slug":"sortida-a-banyoles-cs","status":"publish","type":"post","link":"https:\/\/agora.xtec.cat\/ceipnarcismonturiol\/general\/sortida-a-banyoles-cs\/","title":{"rendered":"SORTIDA A BANYOLES &#8211; CS"},"content":{"rendered":"<p>El passat dijous 14 de novembre, els nens i nenes de Cicle Superior van anar d\u2019excursi\u00f3 a Banyoles.<\/p>\n<p>A l\u2019escola, dins l\u2019\u00e0rea de medi, hem estat treballant la prehist\u00f2ria (5\u00e8) i l\u2019Edat Mitjana (6\u00e8) i aquesta sortida ens ha perm\u00e8s aprofundir i aprendre una miqueta m\u00e9s sobre el que hem estat treballant a l\u2019aula.<\/p>\n<p>Els alumnes de 5\u00e8 van visitar el parc de la Draga, un poblat neol\u00edtic, on van fer dos tallers: avui fem de neol\u00edtics i eines i foc al poblat neol\u00edtic.<\/p>\n<p>Els alumnes de 6\u00e8 van visitar el museu Darder i van realitzar dos tallers: la Banyoles medieval i artesans i gremis a l&#8217;\u00e8poca medieval.<a href=\"https:\/\/agora.xtec.cat\/ceipnarcismonturiol\/wp-content\/uploads\/usu821\/2024\/11\/1111.png\"><img loading=\"lazy\" decoding=\"async\" class=\"wp-image-2350 aligncenter\" src=\"https:\/\/agora.xtec.cat\/ceipnarcismonturiol\/wp-content\/uploads\/usu821\/2024\/11\/1111.png\" alt=\"\" width=\"539\" height=\"353\" srcset=\"https:\/\/agora.xtec.cat\/ceipnarcismonturiol\/wp-content\/uploads\/usu821\/2024\/11\/1111.png 702w, https:\/\/agora.xtec.cat\/ceipnarcismonturiol\/wp-content\/uploads\/usu821\/2024\/11\/1111-300x197.png 300w\" sizes=\"auto, (max-width: 539px) 100vw, 539px\" \/><\/a><\/p>\n<p><strong>Recordem que per visualitzar les imatges vau rebre un \u201cTokApp\u201d amb el codi per accedir-hi.<\/strong><\/p>\n","protected":false},"excerpt":{"rendered":"<p>El passat dijous 14 de novembre, els nens i nenes de Cicle Superior van anar d\u2019excursi\u00f3 a Banyoles.<br \/>\nA l\u2019escola, dins l\u2019\u00e0rea de medi, hem estat treballant la prehist\u00f2ria (5\u00e8) i l\u2019Edat Mitjana (6\u00e8) i aquesta sortida ens ha perm\u00e8s aprofundir i aprendre una miqueta m\u00e9s&hellip;  <a href=\"https:\/\/agora.xtec.cat\/ceipnarcismonturiol\/general\/sortida-a-banyoles-cs\/\" title=\"Read SORTIDA A BANYOLES &#8211; CS\">Llegeix m\u00e9s\u00bb<\/a><\/p>\n","protected":false},"author":1,"featured_media":2350,"comment_status":"closed","ping_status":"closed","sticky":false,"template":"","format":"standard","meta":{"_bbp_topic_count":0,"_bbp_reply_count":0,"_bbp_total_topic_count":0,"_bbp_total_reply_count":0,"_bbp_voice_count":0,"_bbp_anonymous_reply_count":0,"_bbp_topic_count_hidden":0,"_bbp_reply_count_hidden":0,"_bbp_forum_subforum_count":0,"footnotes":""},"categories":[1,4,5],"tags":[],"class_list":["post-2348","post","type-post","status-publish","format-standard","has-post-thumbnail","hentry","category-general","category-portada","category-primaria"],"post_mailing_queue_ids":[],"_links":{"self":[{"href":"https:\/\/agora.xtec.cat\/ceipnarcismonturiol\/wp-json\/wp\/v2\/posts\/2348","targetHints":{"allow":["GET"]}}],"collection":[{"href":"https:\/\/agora.xtec.cat\/ceipnarcismonturiol\/wp-json\/wp\/v2\/posts"}],"about":[{"href":"https:\/\/agora.xtec.cat\/ceipnarcismonturiol\/wp-json\/wp\/v2\/types\/post"}],"author":[{"embeddable":true,"href":"https:\/\/agora.xtec.cat\/ceipnarcismonturiol\/wp-json\/wp\/v2\/users\/1"}],"replies":[{"embeddable":true,"href":"https:\/\/agora.xtec.cat\/ceipnarcismonturiol\/wp-json\/wp\/v2\/comments?post=2348"}],"version-history":[{"count":1,"href":"https:\/\/agora.xtec.cat\/ceipnarcismonturiol\/wp-json\/wp\/v2\/posts\/2348\/revisions"}],"predecessor-version":[{"id":2351,"href":"https:\/\/agora.xtec.cat\/ceipnarcismonturiol\/wp-json\/wp\/v2\/posts\/2348\/revisions\/2351"}],"wp:featuredmedia":[{"embeddable":true,"href":"https:\/\/agora.xtec.cat\/ceipnarcismonturiol\/wp-json\/wp\/v2\/media\/2350"}],"wp:attachment":[{"href":"https:\/\/agora.xtec.cat\/ceipnarcismonturiol\/wp-json\/wp\/v2\/media?parent=2348"}],"wp:term":[{"taxonomy":"category","embeddable":true,"href":"https:\/\/agora.xtec.cat\/ceipnarcismonturiol\/wp-json\/wp\/v2\/categories?post=2348"},{"taxonomy":"post_tag","embeddable":true,"href":"https:\/\/agora.xtec.cat\/ceipnarcismonturiol\/wp-json\/wp\/v2\/tags?post=2348"}],"curies":[{"name":"wp","href":"https:\/\/api.w.org\/{rel}","templated":true}]}}