{"id":2259,"date":"2024-10-11T16:13:45","date_gmt":"2024-10-11T14:13:45","guid":{"rendered":"https:\/\/agora.xtec.cat\/ceipnarcismonturiol\/?p=2259"},"modified":"2024-10-11T16:13:45","modified_gmt":"2024-10-11T14:13:45","slug":"malbaratament-alimentari-3r","status":"publish","type":"post","link":"https:\/\/agora.xtec.cat\/ceipnarcismonturiol\/general\/malbaratament-alimentari-3r\/","title":{"rendered":"MALBARATAMENT ALIMENTARI &#8211; 3R"},"content":{"rendered":"<p><span style=\"font-weight: 400;\">Aquesta setmana els i les alumnes de 3r i 4t hem realitzat un taller sobre malbaratament alimentari.\u00a0<\/span><\/p>\n<p><span style=\"font-weight: 400;\">A trav\u00e9s d\u2019un puzle gegant, hem reconstru\u00eft la cadena dels aliments i hem descobert que molts aliments no arriben a la nostra nevera perqu\u00e8 durant aquest proc\u00e9s s\u00f3n eliminats.<\/span><\/p>\n<p><span style=\"font-weight: 400;\">Gr\u00e0cies a la Fundaci\u00f3 Emys ara coneixem quines mesures podem aplicar des de casa i des de l\u2019escola per tal de reduir el malbaratament alimentari.<\/span><\/p>\n<p><span style=\"font-weight: 400;\">I tu, t\u2019hi has parat mai a pensar?<\/span><a href=\"https:\/\/agora.xtec.cat\/ceipnarcismonturiol\/?p=2261&amp;preview=true\"><img loading=\"lazy\" decoding=\"async\" class=\" wp-image-2260 aligncenter\" src=\"https:\/\/agora.xtec.cat\/ceipnarcismonturiol\/wp-content\/uploads\/usu821\/2024\/10\/1-1.png\" alt=\"\" width=\"443\" height=\"373\" srcset=\"https:\/\/agora.xtec.cat\/ceipnarcismonturiol\/wp-content\/uploads\/usu821\/2024\/10\/1-1.png 591w, https:\/\/agora.xtec.cat\/ceipnarcismonturiol\/wp-content\/uploads\/usu821\/2024\/10\/1-1-300x253.png 300w\" sizes=\"auto, (max-width: 443px) 100vw, 443px\" \/><\/a><\/p>\n<p><strong>Recordem que per visualitzar les imatges vau rebre un \u201cTokApp\u201d amb el codi per a accedir-hi.\u00a0<\/strong><\/p>\n","protected":false},"excerpt":{"rendered":"<p>Aquesta setmana els i les alumnes de 3r i 4t hem realitzat un taller sobre malbaratament alimentari.\u00a0<br \/>\nA trav\u00e9s d\u2019un puzle gegant, hem reconstru\u00eft la cadena dels aliments i hem descobert que molts aliments no arriben a la nostra nevera perqu\u00e8 durant aquest proc\u00e9s s\u00f3n eliminats.<br \/>\nGr\u00e0cies&hellip;  <a href=\"https:\/\/agora.xtec.cat\/ceipnarcismonturiol\/general\/malbaratament-alimentari-3r\/\" title=\"Read MALBARATAMENT ALIMENTARI &#8211; 3R\">Llegeix m\u00e9s\u00bb<\/a><\/p>\n","protected":false},"author":1,"featured_media":2260,"comment_status":"closed","ping_status":"closed","sticky":false,"template":"","format":"standard","meta":{"_bbp_topic_count":0,"_bbp_reply_count":0,"_bbp_total_topic_count":0,"_bbp_total_reply_count":0,"_bbp_voice_count":0,"_bbp_anonymous_reply_count":0,"_bbp_topic_count_hidden":0,"_bbp_reply_count_hidden":0,"_bbp_forum_subforum_count":0,"footnotes":""},"categories":[1,4,5],"tags":[],"class_list":["post-2259","post","type-post","status-publish","format-standard","has-post-thumbnail","hentry","category-general","category-portada","category-primaria"],"post_mailing_queue_ids":[],"_links":{"self":[{"href":"https:\/\/agora.xtec.cat\/ceipnarcismonturiol\/wp-json\/wp\/v2\/posts\/2259","targetHints":{"allow":["GET"]}}],"collection":[{"href":"https:\/\/agora.xtec.cat\/ceipnarcismonturiol\/wp-json\/wp\/v2\/posts"}],"about":[{"href":"https:\/\/agora.xtec.cat\/ceipnarcismonturiol\/wp-json\/wp\/v2\/types\/post"}],"author":[{"embeddable":true,"href":"https:\/\/agora.xtec.cat\/ceipnarcismonturiol\/wp-json\/wp\/v2\/users\/1"}],"replies":[{"embeddable":true,"href":"https:\/\/agora.xtec.cat\/ceipnarcismonturiol\/wp-json\/wp\/v2\/comments?post=2259"}],"version-history":[{"count":1,"href":"https:\/\/agora.xtec.cat\/ceipnarcismonturiol\/wp-json\/wp\/v2\/posts\/2259\/revisions"}],"predecessor-version":[{"id":2262,"href":"https:\/\/agora.xtec.cat\/ceipnarcismonturiol\/wp-json\/wp\/v2\/posts\/2259\/revisions\/2262"}],"wp:featuredmedia":[{"embeddable":true,"href":"https:\/\/agora.xtec.cat\/ceipnarcismonturiol\/wp-json\/wp\/v2\/media\/2260"}],"wp:attachment":[{"href":"https:\/\/agora.xtec.cat\/ceipnarcismonturiol\/wp-json\/wp\/v2\/media?parent=2259"}],"wp:term":[{"taxonomy":"category","embeddable":true,"href":"https:\/\/agora.xtec.cat\/ceipnarcismonturiol\/wp-json\/wp\/v2\/categories?post=2259"},{"taxonomy":"post_tag","embeddable":true,"href":"https:\/\/agora.xtec.cat\/ceipnarcismonturiol\/wp-json\/wp\/v2\/tags?post=2259"}],"curies":[{"name":"wp","href":"https:\/\/api.w.org\/{rel}","templated":true}]}}