{"id":2239,"date":"2024-10-10T12:03:12","date_gmt":"2024-10-10T10:03:12","guid":{"rendered":"https:\/\/agora.xtec.cat\/ceipnarcismonturiol\/?p=2239"},"modified":"2024-11-07T16:04:42","modified_gmt":"2024-11-07T15:04:42","slug":"esports-adaptats-5e","status":"publish","type":"post","link":"https:\/\/agora.xtec.cat\/ceipnarcismonturiol\/general\/esports-adaptats-5e\/","title":{"rendered":"ESPORTS ADAPTATS &#8211; 6\u00e8"},"content":{"rendered":"<p>Aquesta setmana l&#8217;alumnat de 6\u00e8 ha pogut gaudir d&#8217;una sessi\u00f3 amb la Marina i en Pol, T\u00e8cnics Esportius de la Federaci\u00f3 Esportiva Catalana Paral\u00edtics Cerebrals.<\/p>\n<p>Ens ha ajudat per:<\/p>\n<p>&#8211; Con\u00e8ixer diferents modalitats esportives adaptades, diferents materials espec\u00edfics i difer\u00e8ncies reglament\u00e0ries o organitzatives respecte a les modalitats esportives convencionals dels mateixos esports.<br \/>\n&#8211; Practicar diverses modalitats esportives, en situaci\u00f3 real de joc, amb el corresponent material espec\u00edfic esportiu.<br \/>\n&#8211; Sensibilitzar la normalitat i la viabilitat de l&#8217;esport adaptat, emfatitzar amb els esportistes amb diversitat funcional sobre les dificultats i la capacitat de superaci\u00f3.<\/p>\n<p>A m\u00e9s de con\u00e8ixer i practicar l&#8217;esport adaptat\u00a0<span class=\"hiddenSpellError\">Goalball<\/span>\u00a0que ens ajudar\u00e0 a la nostra Situaci\u00f3 d&#8217;Aprenentatge.<\/p>\n<p>Voleu veure les fotografies? Cliqueu sobre la imatge.<a href=\"https:\/\/agora.xtec.cat\/ceipnarcismonturiol\/?p=2243&amp;preview=true\"><img loading=\"lazy\" decoding=\"async\" class=\"wp-image-2240 aligncenter\" src=\"https:\/\/agora.xtec.cat\/ceipnarcismonturiol\/wp-content\/uploads\/usu821\/2024\/10\/IMG_1786-1024x768.jpg\" alt=\"\" width=\"466\" height=\"349\" srcset=\"https:\/\/agora.xtec.cat\/ceipnarcismonturiol\/wp-content\/uploads\/usu821\/2024\/10\/IMG_1786-1024x768.jpg 1024w, https:\/\/agora.xtec.cat\/ceipnarcismonturiol\/wp-content\/uploads\/usu821\/2024\/10\/IMG_1786-300x225.jpg 300w, https:\/\/agora.xtec.cat\/ceipnarcismonturiol\/wp-content\/uploads\/usu821\/2024\/10\/IMG_1786-768x576.jpg 768w, https:\/\/agora.xtec.cat\/ceipnarcismonturiol\/wp-content\/uploads\/usu821\/2024\/10\/IMG_1786-1536x1152.jpg 1536w, https:\/\/agora.xtec.cat\/ceipnarcismonturiol\/wp-content\/uploads\/usu821\/2024\/10\/IMG_1786-2048x1536.jpg 2048w, https:\/\/agora.xtec.cat\/ceipnarcismonturiol\/wp-content\/uploads\/usu821\/2024\/10\/IMG_1786-200x150.jpg 200w\" sizes=\"auto, (max-width: 466px) 100vw, 466px\" \/><\/a><\/p>\n<p><strong>Recordem que per visualitzar les imatges vau rebre un \u201cTokApp\u201d amb el codi per a accedir-hi.<\/strong><\/p>\n","protected":false},"excerpt":{"rendered":"<p>Aquesta setmana l&#8217;alumnat de 6\u00e8 ha pogut gaudir d&#8217;una sessi\u00f3 amb la Marina i en Pol, T\u00e8cnics Esportius de la Federaci\u00f3 Esportiva Catalana Paral\u00edtics Cerebrals.<br \/>\nEns ha ajudat per:<br \/>\n&#8211; Con\u00e8ixer diferents modalitats esportives adaptades, diferents materials espec\u00edfics i difer\u00e8ncies reglament\u00e0ries o organitzatives respecte a les modalitats&hellip;  <a href=\"https:\/\/agora.xtec.cat\/ceipnarcismonturiol\/general\/esports-adaptats-5e\/\" title=\"Read ESPORTS ADAPTATS &#8211; 6\u00e8\">Llegeix m\u00e9s\u00bb<\/a><\/p>\n","protected":false},"author":1,"featured_media":2240,"comment_status":"closed","ping_status":"closed","sticky":false,"template":"","format":"standard","meta":{"_bbp_topic_count":0,"_bbp_reply_count":0,"_bbp_total_topic_count":0,"_bbp_total_reply_count":0,"_bbp_voice_count":0,"_bbp_anonymous_reply_count":0,"_bbp_topic_count_hidden":0,"_bbp_reply_count_hidden":0,"_bbp_forum_subforum_count":0,"footnotes":""},"categories":[14,1,4,5],"tags":[],"class_list":["post-2239","post","type-post","status-publish","format-standard","has-post-thumbnail","hentry","category-cs","category-general","category-portada","category-primaria"],"post_mailing_queue_ids":[],"_links":{"self":[{"href":"https:\/\/agora.xtec.cat\/ceipnarcismonturiol\/wp-json\/wp\/v2\/posts\/2239","targetHints":{"allow":["GET"]}}],"collection":[{"href":"https:\/\/agora.xtec.cat\/ceipnarcismonturiol\/wp-json\/wp\/v2\/posts"}],"about":[{"href":"https:\/\/agora.xtec.cat\/ceipnarcismonturiol\/wp-json\/wp\/v2\/types\/post"}],"author":[{"embeddable":true,"href":"https:\/\/agora.xtec.cat\/ceipnarcismonturiol\/wp-json\/wp\/v2\/users\/1"}],"replies":[{"embeddable":true,"href":"https:\/\/agora.xtec.cat\/ceipnarcismonturiol\/wp-json\/wp\/v2\/comments?post=2239"}],"version-history":[{"count":2,"href":"https:\/\/agora.xtec.cat\/ceipnarcismonturiol\/wp-json\/wp\/v2\/posts\/2239\/revisions"}],"predecessor-version":[{"id":2246,"href":"https:\/\/agora.xtec.cat\/ceipnarcismonturiol\/wp-json\/wp\/v2\/posts\/2239\/revisions\/2246"}],"wp:featuredmedia":[{"embeddable":true,"href":"https:\/\/agora.xtec.cat\/ceipnarcismonturiol\/wp-json\/wp\/v2\/media\/2240"}],"wp:attachment":[{"href":"https:\/\/agora.xtec.cat\/ceipnarcismonturiol\/wp-json\/wp\/v2\/media?parent=2239"}],"wp:term":[{"taxonomy":"category","embeddable":true,"href":"https:\/\/agora.xtec.cat\/ceipnarcismonturiol\/wp-json\/wp\/v2\/categories?post=2239"},{"taxonomy":"post_tag","embeddable":true,"href":"https:\/\/agora.xtec.cat\/ceipnarcismonturiol\/wp-json\/wp\/v2\/tags?post=2239"}],"curies":[{"name":"wp","href":"https:\/\/api.w.org\/{rel}","templated":true}]}}