{"id":2222,"date":"2024-10-01T11:51:14","date_gmt":"2024-10-01T09:51:14","guid":{"rendered":"https:\/\/agora.xtec.cat\/ceipnarcismonturiol\/?p=2222"},"modified":"2024-10-04T17:03:14","modified_gmt":"2024-10-04T15:03:14","slug":"inaugurem-laula-de-ciencies","status":"publish","type":"post","link":"https:\/\/agora.xtec.cat\/ceipnarcismonturiol\/general\/inaugurem-laula-de-ciencies\/","title":{"rendered":"INAUGUREM L&#8217;AULA DE CI\u00c8NCIES"},"content":{"rendered":"<p>L&#8217;alumnat de l&#8217;escola ja ha pogut fer la inauguraci\u00f3 de l&#8217;aula de ci\u00e8ncies, i qu\u00e8 millor que de la m\u00e0 d&#8217;en Josep Maria, un gran cient\u00edfic que ens ha ensenyat diferents experiments.<br \/>\nEns ho hem passat genial!<br \/>\n<a href=\"https:\/\/agora.xtec.cat\/ceipnarcismonturiol\/general\/inaugurem-aula-cienceis\/\"><img loading=\"lazy\" decoding=\"async\" class=\"wp-image-2223 aligncenter\" src=\"https:\/\/agora.xtec.cat\/ceipnarcismonturiol\/wp-content\/uploads\/usu821\/2024\/10\/Sense-titol.png\" alt=\"\" width=\"483\" height=\"338\" srcset=\"https:\/\/agora.xtec.cat\/ceipnarcismonturiol\/wp-content\/uploads\/usu821\/2024\/10\/Sense-titol.png 986w, https:\/\/agora.xtec.cat\/ceipnarcismonturiol\/wp-content\/uploads\/usu821\/2024\/10\/Sense-titol-300x210.png 300w, https:\/\/agora.xtec.cat\/ceipnarcismonturiol\/wp-content\/uploads\/usu821\/2024\/10\/Sense-titol-768x538.png 768w\" sizes=\"auto, (max-width: 483px) 100vw, 483px\" \/><\/a><\/p>\n<p><strong>Recordem que per visualitzar les imatges vau rebre un \u201cTokApp\u201d amb el codi per a accedir-hi.<\/strong><\/p>\n","protected":false},"excerpt":{"rendered":"<p>L&#8217;alumnat de l&#8217;escola ja ha pogut fer la inauguraci\u00f3 de l&#8217;aula de ci\u00e8ncies, i qu\u00e8 millor que de la m\u00e0 d&#8217;en Josep Maria, un gran cient\u00edfic que ens ha ensenyat diferents experiments.<br \/>\nEns ho hem passat genial!<br \/>\n<a href=\"https:\/\/agora.xtec.cat\/ceipnarcismonturiol\/general\/inaugurem-aula-cienceis\/\"><\/a><br \/>\nRecordem que per visualitzar les imatges vau rebre un&hellip;  <a href=\"https:\/\/agora.xtec.cat\/ceipnarcismonturiol\/general\/inaugurem-laula-de-ciencies\/\" title=\"Read INAUGUREM L&#8217;AULA DE CI\u00c8NCIES\">Llegeix m\u00e9s\u00bb<\/a><\/p>\n","protected":false},"author":1,"featured_media":2223,"comment_status":"closed","ping_status":"closed","sticky":false,"template":"","format":"standard","meta":{"_bbp_topic_count":0,"_bbp_reply_count":0,"_bbp_total_topic_count":0,"_bbp_total_reply_count":0,"_bbp_voice_count":0,"_bbp_anonymous_reply_count":0,"_bbp_topic_count_hidden":0,"_bbp_reply_count_hidden":0,"_bbp_forum_subforum_count":0,"footnotes":""},"categories":[1,2,4,5],"tags":[],"class_list":["post-2222","post","type-post","status-publish","format-standard","has-post-thumbnail","hentry","category-general","category-infantil","category-portada","category-primaria"],"post_mailing_queue_ids":[],"_links":{"self":[{"href":"https:\/\/agora.xtec.cat\/ceipnarcismonturiol\/wp-json\/wp\/v2\/posts\/2222","targetHints":{"allow":["GET"]}}],"collection":[{"href":"https:\/\/agora.xtec.cat\/ceipnarcismonturiol\/wp-json\/wp\/v2\/posts"}],"about":[{"href":"https:\/\/agora.xtec.cat\/ceipnarcismonturiol\/wp-json\/wp\/v2\/types\/post"}],"author":[{"embeddable":true,"href":"https:\/\/agora.xtec.cat\/ceipnarcismonturiol\/wp-json\/wp\/v2\/users\/1"}],"replies":[{"embeddable":true,"href":"https:\/\/agora.xtec.cat\/ceipnarcismonturiol\/wp-json\/wp\/v2\/comments?post=2222"}],"version-history":[{"count":4,"href":"https:\/\/agora.xtec.cat\/ceipnarcismonturiol\/wp-json\/wp\/v2\/posts\/2222\/revisions"}],"predecessor-version":[{"id":2237,"href":"https:\/\/agora.xtec.cat\/ceipnarcismonturiol\/wp-json\/wp\/v2\/posts\/2222\/revisions\/2237"}],"wp:featuredmedia":[{"embeddable":true,"href":"https:\/\/agora.xtec.cat\/ceipnarcismonturiol\/wp-json\/wp\/v2\/media\/2223"}],"wp:attachment":[{"href":"https:\/\/agora.xtec.cat\/ceipnarcismonturiol\/wp-json\/wp\/v2\/media?parent=2222"}],"wp:term":[{"taxonomy":"category","embeddable":true,"href":"https:\/\/agora.xtec.cat\/ceipnarcismonturiol\/wp-json\/wp\/v2\/categories?post=2222"},{"taxonomy":"post_tag","embeddable":true,"href":"https:\/\/agora.xtec.cat\/ceipnarcismonturiol\/wp-json\/wp\/v2\/tags?post=2222"}],"curies":[{"name":"wp","href":"https:\/\/api.w.org\/{rel}","templated":true}]}}