{"id":2196,"date":"2024-06-18T23:56:21","date_gmt":"2024-06-18T21:56:21","guid":{"rendered":"https:\/\/agora.xtec.cat\/ceipnarcismonturiol\/?p=2196"},"modified":"2024-06-22T00:03:47","modified_gmt":"2024-06-21T22:03:47","slug":"creuer-3r","status":"publish","type":"post","link":"https:\/\/agora.xtec.cat\/ceipnarcismonturiol\/general\/creuer-3r\/","title":{"rendered":"CREUER &#8211; 3r"},"content":{"rendered":"<p>El creuer de final de curs de 3r, celebrat el dimarts 18 de juny, ser\u00e0 inoblidable per a tots. Amb el vaixell de visi\u00f3 submarina\u00a0<span class=\"hiddenGreenError\" style=\"padding-bottom: 2px; background-image: url('..\/..\/..\/..\/..\/images\/squiggle_green.png'); background-repeat: repeat-x; background-position: left bottom; cursor: default; color: #000000; font-family: 'Open Sans', Helvetica, Arial, sans-serif; font-size: 16px; font-style: normal; font-variant-ligatures: normal; font-variant-caps: normal; font-weight: 300; letter-spacing: normal; orphans: 2; text-align: start; text-indent: 0px; text-transform: none; widows: 2; word-spacing: 0px; -webkit-text-stroke-width: 0px; white-space: normal; text-decoration-thickness: initial; text-decoration-style: initial; text-decoration-color: initial;\">Don<\/span>\u00a0<span class=\"hiddenSpellError\">Pancho<\/span>, vam explorar la Costa Brava fins a la cala\u00a0<span class=\"hiddenGreenError\">Murtra<\/span>, on vam poder observar oblades i sards en el seu entorn natural.<br \/>\nTot i la bellesa submarina, l&#8217;excursi\u00f3 va tenir moments dif\u00edcils. Un vent de sud-est bufava ens feia anar contra corrent<span class=\"hiddenGrammarError\">\u00a0,<\/span>\u00a0fet que va marejar la meitat dels nens i mestres. Malgrat aix\u00f2, l&#8217;esperit de l&#8217;aventura es mantenia viu, i tots ens esfor\u00e7\u00e0vem per gaudir al m\u00e0xim de l&#8217;excursi\u00f3.<br \/>\nLa tornada va ser molt m\u00e9s agradable, ja que el vent ens empentava suaument cap a casa. Els nens es van relaxar i van gaudir de les vistes espectaculars de la costa i del Cap de Creus<span class=\"hiddenGrammarError\">..<\/span><br \/>\nAmb el temps, aquest record se suavitzar\u00e0 i es transformar\u00e0 en una an\u00e8cdota divertida que els alumnes recordaran amb un somriure.<\/p>\n<p><a href=\"https:\/\/agora.xtec.cat\/ceipnarcismonturiol\/general\/creuer\/\"><img loading=\"lazy\" decoding=\"async\" class=\" wp-image-2201 aligncenter\" src=\"https:\/\/agora.xtec.cat\/ceipnarcismonturiol\/wp-content\/uploads\/usu821\/2024\/06\/Captura-de-pantalla-2024-06-22-a-las-0.01.20.png\" alt=\"\" width=\"364\" height=\"524\" srcset=\"https:\/\/agora.xtec.cat\/ceipnarcismonturiol\/wp-content\/uploads\/usu821\/2024\/06\/Captura-de-pantalla-2024-06-22-a-las-0.01.20.png 670w, https:\/\/agora.xtec.cat\/ceipnarcismonturiol\/wp-content\/uploads\/usu821\/2024\/06\/Captura-de-pantalla-2024-06-22-a-las-0.01.20-209x300.png 209w\" sizes=\"auto, (max-width: 364px) 100vw, 364px\" \/><\/a>Recordem que per visualitzar les imatges vau rebre un \u201cTokApp\u201d amb el codi per a accedir-hi.<\/p>\n","protected":false},"excerpt":{"rendered":"<p>El creuer de final de curs de 3r, celebrat el dimarts 18 de juny, ser\u00e0 inoblidable per a tots. Amb el vaixell de visi\u00f3 submarina\u00a0Don\u00a0Pancho, vam explorar la Costa Brava fins a la cala\u00a0Murtra, on vam poder observar oblades i sards en el seu entorn&hellip;  <a href=\"https:\/\/agora.xtec.cat\/ceipnarcismonturiol\/general\/creuer-3r\/\" title=\"Read CREUER &#8211; 3r\">Llegeix m\u00e9s\u00bb<\/a><\/p>\n","protected":false},"author":1,"featured_media":2201,"comment_status":"closed","ping_status":"closed","sticky":false,"template":"","format":"standard","meta":{"_bbp_topic_count":0,"_bbp_reply_count":0,"_bbp_total_topic_count":0,"_bbp_total_reply_count":0,"_bbp_voice_count":0,"_bbp_anonymous_reply_count":0,"_bbp_topic_count_hidden":0,"_bbp_reply_count_hidden":0,"_bbp_forum_subforum_count":0,"footnotes":""},"categories":[1,4,5],"tags":[],"class_list":["post-2196","post","type-post","status-publish","format-standard","has-post-thumbnail","hentry","category-general","category-portada","category-primaria"],"post_mailing_queue_ids":[],"_links":{"self":[{"href":"https:\/\/agora.xtec.cat\/ceipnarcismonturiol\/wp-json\/wp\/v2\/posts\/2196","targetHints":{"allow":["GET"]}}],"collection":[{"href":"https:\/\/agora.xtec.cat\/ceipnarcismonturiol\/wp-json\/wp\/v2\/posts"}],"about":[{"href":"https:\/\/agora.xtec.cat\/ceipnarcismonturiol\/wp-json\/wp\/v2\/types\/post"}],"author":[{"embeddable":true,"href":"https:\/\/agora.xtec.cat\/ceipnarcismonturiol\/wp-json\/wp\/v2\/users\/1"}],"replies":[{"embeddable":true,"href":"https:\/\/agora.xtec.cat\/ceipnarcismonturiol\/wp-json\/wp\/v2\/comments?post=2196"}],"version-history":[{"count":3,"href":"https:\/\/agora.xtec.cat\/ceipnarcismonturiol\/wp-json\/wp\/v2\/posts\/2196\/revisions"}],"predecessor-version":[{"id":2202,"href":"https:\/\/agora.xtec.cat\/ceipnarcismonturiol\/wp-json\/wp\/v2\/posts\/2196\/revisions\/2202"}],"wp:featuredmedia":[{"embeddable":true,"href":"https:\/\/agora.xtec.cat\/ceipnarcismonturiol\/wp-json\/wp\/v2\/media\/2201"}],"wp:attachment":[{"href":"https:\/\/agora.xtec.cat\/ceipnarcismonturiol\/wp-json\/wp\/v2\/media?parent=2196"}],"wp:term":[{"taxonomy":"category","embeddable":true,"href":"https:\/\/agora.xtec.cat\/ceipnarcismonturiol\/wp-json\/wp\/v2\/categories?post=2196"},{"taxonomy":"post_tag","embeddable":true,"href":"https:\/\/agora.xtec.cat\/ceipnarcismonturiol\/wp-json\/wp\/v2\/tags?post=2196"}],"curies":[{"name":"wp","href":"https:\/\/api.w.org\/{rel}","templated":true}]}}