{"id":2184,"date":"2024-06-21T00:05:17","date_gmt":"2024-06-20T22:05:17","guid":{"rendered":"https:\/\/agora.xtec.cat\/ceipnarcismonturiol\/?p=2184"},"modified":"2024-06-21T00:05:17","modified_gmt":"2024-06-20T22:05:17","slug":"comiat-alumnat-de-6e","status":"publish","type":"post","link":"https:\/\/agora.xtec.cat\/ceipnarcismonturiol\/general\/comiat-alumnat-de-6e\/","title":{"rendered":"COMIAT ALUMNAT DE 6\u00e8"},"content":{"rendered":"<p>Avui ha estat un dia ple d&#8217;emocions, d&#8217;alegria, de tristesa, d&#8217;enyoran\u00e7a per a l&#8217;alumnat de 6\u00e8 i les fam\u00edlies. Entre tots hem pogut realitzar el comiat que m\u00e9s es mereixen els grans de la casa, els que d&#8217;aqu\u00ed a tres mesos comen\u00e7aran una nova etapa en les seves vides, l&#8217;Institut.<br \/>\nDurant aquest mat\u00ed, cada curs ha pogut acomiadar-se d&#8217;ells fent-los un detall: balls, can\u00e7ons, cartes i abra\u00e7ades. A m\u00e9s de realitzar un esmorzar i visualitzar un v\u00eddeo que han fet els tutors on veien quin ha estat el seu progr\u00e9s i creixement a l&#8217;Escola Narc\u00eds Monturiol.<br \/>\nAqu\u00ed teniu totes les imatges!<a href=\"https:\/\/agora.xtec.cat\/ceipnarcismonturiol\/general\/comiat\/\"><img loading=\"lazy\" decoding=\"async\" class=\" wp-image-2189 aligncenter\" src=\"https:\/\/agora.xtec.cat\/ceipnarcismonturiol\/wp-content\/uploads\/usu821\/2024\/06\/Captura-de-pantalla-2024-06-20-235751.jpg\" alt=\"\" width=\"347\" height=\"227\" srcset=\"https:\/\/agora.xtec.cat\/ceipnarcismonturiol\/wp-content\/uploads\/usu821\/2024\/06\/Captura-de-pantalla-2024-06-20-235751.jpg 459w, https:\/\/agora.xtec.cat\/ceipnarcismonturiol\/wp-content\/uploads\/usu821\/2024\/06\/Captura-de-pantalla-2024-06-20-235751-300x196.jpg 300w\" sizes=\"auto, (max-width: 347px) 100vw, 347px\" \/><\/a><\/p>\n<p>Recordem que per visualitzar les imatges vau rebre un \u201cTokApp\u201d amb el codi per a accedir-hi.<\/p>\n","protected":false},"excerpt":{"rendered":"<p>Avui ha estat un dia ple d&#8217;emocions, d&#8217;alegria, de tristesa, d&#8217;enyoran\u00e7a per a l&#8217;alumnat de 6\u00e8 i les fam\u00edlies. Entre tots hem pogut realitzar el comiat que m\u00e9s es mereixen els grans de la casa, els que d&#8217;aqu\u00ed a tres mesos comen\u00e7aran una nova etapa&hellip;  <a href=\"https:\/\/agora.xtec.cat\/ceipnarcismonturiol\/general\/comiat-alumnat-de-6e\/\" title=\"Read COMIAT ALUMNAT DE 6\u00e8\">Llegeix m\u00e9s\u00bb<\/a><\/p>\n","protected":false},"author":1,"featured_media":2189,"comment_status":"closed","ping_status":"closed","sticky":false,"template":"","format":"standard","meta":{"_bbp_topic_count":0,"_bbp_reply_count":0,"_bbp_total_topic_count":0,"_bbp_total_reply_count":0,"_bbp_voice_count":0,"_bbp_anonymous_reply_count":0,"_bbp_topic_count_hidden":0,"_bbp_reply_count_hidden":0,"_bbp_forum_subforum_count":0,"footnotes":""},"categories":[1,4,5],"tags":[],"class_list":["post-2184","post","type-post","status-publish","format-standard","has-post-thumbnail","hentry","category-general","category-portada","category-primaria"],"post_mailing_queue_ids":[],"_links":{"self":[{"href":"https:\/\/agora.xtec.cat\/ceipnarcismonturiol\/wp-json\/wp\/v2\/posts\/2184","targetHints":{"allow":["GET"]}}],"collection":[{"href":"https:\/\/agora.xtec.cat\/ceipnarcismonturiol\/wp-json\/wp\/v2\/posts"}],"about":[{"href":"https:\/\/agora.xtec.cat\/ceipnarcismonturiol\/wp-json\/wp\/v2\/types\/post"}],"author":[{"embeddable":true,"href":"https:\/\/agora.xtec.cat\/ceipnarcismonturiol\/wp-json\/wp\/v2\/users\/1"}],"replies":[{"embeddable":true,"href":"https:\/\/agora.xtec.cat\/ceipnarcismonturiol\/wp-json\/wp\/v2\/comments?post=2184"}],"version-history":[{"count":3,"href":"https:\/\/agora.xtec.cat\/ceipnarcismonturiol\/wp-json\/wp\/v2\/posts\/2184\/revisions"}],"predecessor-version":[{"id":2190,"href":"https:\/\/agora.xtec.cat\/ceipnarcismonturiol\/wp-json\/wp\/v2\/posts\/2184\/revisions\/2190"}],"wp:featuredmedia":[{"embeddable":true,"href":"https:\/\/agora.xtec.cat\/ceipnarcismonturiol\/wp-json\/wp\/v2\/media\/2189"}],"wp:attachment":[{"href":"https:\/\/agora.xtec.cat\/ceipnarcismonturiol\/wp-json\/wp\/v2\/media?parent=2184"}],"wp:term":[{"taxonomy":"category","embeddable":true,"href":"https:\/\/agora.xtec.cat\/ceipnarcismonturiol\/wp-json\/wp\/v2\/categories?post=2184"},{"taxonomy":"post_tag","embeddable":true,"href":"https:\/\/agora.xtec.cat\/ceipnarcismonturiol\/wp-json\/wp\/v2\/tags?post=2184"}],"curies":[{"name":"wp","href":"https:\/\/api.w.org\/{rel}","templated":true}]}}