{"id":2155,"date":"2024-06-07T10:22:37","date_gmt":"2024-06-07T08:22:37","guid":{"rendered":"https:\/\/agora.xtec.cat\/ceipnarcismonturiol\/?p=2155"},"modified":"2024-06-07T10:22:37","modified_gmt":"2024-06-07T08:22:37","slug":"colonies-2n-i-4t","status":"publish","type":"post","link":"https:\/\/agora.xtec.cat\/ceipnarcismonturiol\/general\/colonies-2n-i-4t\/","title":{"rendered":"COL\u00d2NIES &#8211; 2n i 4t"},"content":{"rendered":"<p>El passat dimarts i dimecres 4-5 de juny l&#8217;alumnat de 2n i 4t va anar a la Casa de Col\u00f2nies Can Sans de Viladasens.<\/p>\n<p>L&#8217;alumnat va poder\u00a0<span class=\"hiddenGreenError\" style=\"padding-bottom: 2px; background-image: url('..\/..\/..\/..\/..\/images\/squiggle_green.png'); background-repeat: repeat-x; background-position: left bottom; cursor: default; color: #000000; font-family: 'Open Sans', Helvetica, Arial, sans-serif; font-size: 16px; font-style: normal; font-variant-ligatures: normal; font-variant-caps: normal; font-weight: 300; letter-spacing: normal; orphans: 2; text-align: start; text-indent: 0px; text-transform: none; widows: 2; word-spacing: 0px; -webkit-text-stroke-width: 0px; white-space: normal; text-decoration-thickness: initial; text-decoration-style: initial; text-decoration-color: initial;\">realitzar<\/span>\u00a0diferents activitats com gimcanes, tir amb arc, joc de la bandera i banyar-se a la piscina, a m\u00e9s de poder gaudir d&#8217;un entorn a l&#8217;aire lliure, envoltat de natura i animals de granja.<\/p>\n<p>En arribar ens vam poder distribuir en les diferents habitacions i ens vam instal\u00b7lar. A m\u00e9s a l&#8217;hora dels \u00e0pats tamb\u00e9 ens vam distribuir les tasques per servir i netejar el menjador.<\/p>\n<p>Ens ho hem passat genial!<\/p>\n<p><a href=\"https:\/\/agora.xtec.cat\/ceipnarcismonturiol\/?p=2157&amp;preview=true\"><img loading=\"lazy\" decoding=\"async\" class=\"wp-image-2156 aligncenter\" src=\"https:\/\/agora.xtec.cat\/ceipnarcismonturiol\/wp-content\/uploads\/usu821\/2024\/06\/colonies.jpg\" alt=\"\" width=\"534\" height=\"330\" srcset=\"https:\/\/agora.xtec.cat\/ceipnarcismonturiol\/wp-content\/uploads\/usu821\/2024\/06\/colonies.jpg 895w, https:\/\/agora.xtec.cat\/ceipnarcismonturiol\/wp-content\/uploads\/usu821\/2024\/06\/colonies-300x185.jpg 300w, https:\/\/agora.xtec.cat\/ceipnarcismonturiol\/wp-content\/uploads\/usu821\/2024\/06\/colonies-768x475.jpg 768w\" sizes=\"auto, (max-width: 534px) 100vw, 534px\" \/><\/a><\/p>\n<p>Recordem que per visualitzar les imatges vau rebre un \u201cTokApp\u201d amb el codi per a accedir-hi.<\/p>\n","protected":false},"excerpt":{"rendered":"<p>El passat dimarts i dimecres 4-5 de juny l&#8217;alumnat de 2n i 4t va anar a la Casa de Col\u00f2nies Can Sans de Viladasens.<br \/>\nL&#8217;alumnat va poder\u00a0realitzar\u00a0diferents activitats com gimcanes, tir amb arc, joc de la bandera i banyar-se a la piscina, a m\u00e9s de poder&hellip;  <a href=\"https:\/\/agora.xtec.cat\/ceipnarcismonturiol\/general\/colonies-2n-i-4t\/\" title=\"Read COL\u00d2NIES &#8211; 2n i 4t\">Llegeix m\u00e9s\u00bb<\/a><\/p>\n","protected":false},"author":1,"featured_media":2156,"comment_status":"closed","ping_status":"closed","sticky":false,"template":"","format":"standard","meta":{"_bbp_topic_count":0,"_bbp_reply_count":0,"_bbp_total_topic_count":0,"_bbp_total_reply_count":0,"_bbp_voice_count":0,"_bbp_anonymous_reply_count":0,"_bbp_topic_count_hidden":0,"_bbp_reply_count_hidden":0,"_bbp_forum_subforum_count":0,"footnotes":""},"categories":[1,4,5],"tags":[],"class_list":["post-2155","post","type-post","status-publish","format-standard","has-post-thumbnail","hentry","category-general","category-portada","category-primaria"],"post_mailing_queue_ids":[],"_links":{"self":[{"href":"https:\/\/agora.xtec.cat\/ceipnarcismonturiol\/wp-json\/wp\/v2\/posts\/2155","targetHints":{"allow":["GET"]}}],"collection":[{"href":"https:\/\/agora.xtec.cat\/ceipnarcismonturiol\/wp-json\/wp\/v2\/posts"}],"about":[{"href":"https:\/\/agora.xtec.cat\/ceipnarcismonturiol\/wp-json\/wp\/v2\/types\/post"}],"author":[{"embeddable":true,"href":"https:\/\/agora.xtec.cat\/ceipnarcismonturiol\/wp-json\/wp\/v2\/users\/1"}],"replies":[{"embeddable":true,"href":"https:\/\/agora.xtec.cat\/ceipnarcismonturiol\/wp-json\/wp\/v2\/comments?post=2155"}],"version-history":[{"count":1,"href":"https:\/\/agora.xtec.cat\/ceipnarcismonturiol\/wp-json\/wp\/v2\/posts\/2155\/revisions"}],"predecessor-version":[{"id":2159,"href":"https:\/\/agora.xtec.cat\/ceipnarcismonturiol\/wp-json\/wp\/v2\/posts\/2155\/revisions\/2159"}],"wp:featuredmedia":[{"embeddable":true,"href":"https:\/\/agora.xtec.cat\/ceipnarcismonturiol\/wp-json\/wp\/v2\/media\/2156"}],"wp:attachment":[{"href":"https:\/\/agora.xtec.cat\/ceipnarcismonturiol\/wp-json\/wp\/v2\/media?parent=2155"}],"wp:term":[{"taxonomy":"category","embeddable":true,"href":"https:\/\/agora.xtec.cat\/ceipnarcismonturiol\/wp-json\/wp\/v2\/categories?post=2155"},{"taxonomy":"post_tag","embeddable":true,"href":"https:\/\/agora.xtec.cat\/ceipnarcismonturiol\/wp-json\/wp\/v2\/tags?post=2155"}],"curies":[{"name":"wp","href":"https:\/\/api.w.org\/{rel}","templated":true}]}}