{"id":2117,"date":"2024-05-21T22:43:37","date_gmt":"2024-05-21T20:43:37","guid":{"rendered":"https:\/\/agora.xtec.cat\/ceipnarcismonturiol\/?p=2117"},"modified":"2024-05-21T22:45:12","modified_gmt":"2024-05-21T20:45:12","slug":"somparcc-5e","status":"publish","type":"post","link":"https:\/\/agora.xtec.cat\/ceipnarcismonturiol\/general\/somparcc-5e\/","title":{"rendered":"SOMPARCC &#8211; 5\u00e8"},"content":{"rendered":"<p>Avui les 13 escoles que formen part de la xarxa d&#8217;escoles del Parc\u00a0Natural de Cap de Creus hem participat en la 3a trobada\u00a0<span class=\"hiddenSpellError\">SomparCC<\/span>\u00a0a la Ciutadella de Roses, una jornada de conscienciaci\u00f3 vers la conservaci\u00f3 del medi natural. Ens ho hem passat d&#8217;all\u00f2 m\u00e9s b\u00e9!<\/p>\n<p><a href=\"https:\/\/agora.xtec.cat\/ceipnarcismonturiol\/?p=2118&amp;preview=true\"><img loading=\"lazy\" decoding=\"async\" class=\"wp-image-2119 aligncenter\" src=\"https:\/\/agora.xtec.cat\/ceipnarcismonturiol\/wp-content\/uploads\/usu821\/2024\/05\/Captura-de-pantalla-2024-05-21-224142.jpg\" alt=\"\" width=\"588\" height=\"294\" srcset=\"https:\/\/agora.xtec.cat\/ceipnarcismonturiol\/wp-content\/uploads\/usu821\/2024\/05\/Captura-de-pantalla-2024-05-21-224142.jpg 829w, https:\/\/agora.xtec.cat\/ceipnarcismonturiol\/wp-content\/uploads\/usu821\/2024\/05\/Captura-de-pantalla-2024-05-21-224142-300x150.jpg 300w, https:\/\/agora.xtec.cat\/ceipnarcismonturiol\/wp-content\/uploads\/usu821\/2024\/05\/Captura-de-pantalla-2024-05-21-224142-768x384.jpg 768w\" sizes=\"auto, (max-width: 588px) 100vw, 588px\" \/><\/a><\/p>\n<p>Recordem que per visualitzar les imatges vau rebre un \u201cTokApp\u201d amb el codi per a accedir-hi.<\/p>\n","protected":false},"excerpt":{"rendered":"<p>Avui les 13 escoles que formen part de la xarxa d&#8217;escoles del Parc\u00a0Natural de Cap de Creus hem participat en la 3a trobada\u00a0SomparCC\u00a0a la Ciutadella de Roses, una jornada de conscienciaci\u00f3 vers la conservaci\u00f3 del medi natural. Ens ho hem passat d&#8217;all\u00f2 m\u00e9s b\u00e9!<br \/>\n<a href=\"https:\/\/agora.xtec.cat\/ceipnarcismonturiol\/?p=2118&amp;preview=true\"><\/a><br \/>\nRecordem&hellip;  <a href=\"https:\/\/agora.xtec.cat\/ceipnarcismonturiol\/general\/somparcc-5e\/\" title=\"Read SOMPARCC &#8211; 5\u00e8\">Llegeix m\u00e9s\u00bb<\/a><\/p>\n","protected":false},"author":1,"featured_media":2119,"comment_status":"closed","ping_status":"closed","sticky":false,"template":"","format":"standard","meta":{"_bbp_topic_count":0,"_bbp_reply_count":0,"_bbp_total_topic_count":0,"_bbp_total_reply_count":0,"_bbp_voice_count":0,"_bbp_anonymous_reply_count":0,"_bbp_topic_count_hidden":0,"_bbp_reply_count_hidden":0,"_bbp_forum_subforum_count":0,"footnotes":""},"categories":[1,4,5],"tags":[],"class_list":["post-2117","post","type-post","status-publish","format-standard","has-post-thumbnail","hentry","category-general","category-portada","category-primaria"],"post_mailing_queue_ids":[],"_links":{"self":[{"href":"https:\/\/agora.xtec.cat\/ceipnarcismonturiol\/wp-json\/wp\/v2\/posts\/2117","targetHints":{"allow":["GET"]}}],"collection":[{"href":"https:\/\/agora.xtec.cat\/ceipnarcismonturiol\/wp-json\/wp\/v2\/posts"}],"about":[{"href":"https:\/\/agora.xtec.cat\/ceipnarcismonturiol\/wp-json\/wp\/v2\/types\/post"}],"author":[{"embeddable":true,"href":"https:\/\/agora.xtec.cat\/ceipnarcismonturiol\/wp-json\/wp\/v2\/users\/1"}],"replies":[{"embeddable":true,"href":"https:\/\/agora.xtec.cat\/ceipnarcismonturiol\/wp-json\/wp\/v2\/comments?post=2117"}],"version-history":[{"count":1,"href":"https:\/\/agora.xtec.cat\/ceipnarcismonturiol\/wp-json\/wp\/v2\/posts\/2117\/revisions"}],"predecessor-version":[{"id":2120,"href":"https:\/\/agora.xtec.cat\/ceipnarcismonturiol\/wp-json\/wp\/v2\/posts\/2117\/revisions\/2120"}],"wp:featuredmedia":[{"embeddable":true,"href":"https:\/\/agora.xtec.cat\/ceipnarcismonturiol\/wp-json\/wp\/v2\/media\/2119"}],"wp:attachment":[{"href":"https:\/\/agora.xtec.cat\/ceipnarcismonturiol\/wp-json\/wp\/v2\/media?parent=2117"}],"wp:term":[{"taxonomy":"category","embeddable":true,"href":"https:\/\/agora.xtec.cat\/ceipnarcismonturiol\/wp-json\/wp\/v2\/categories?post=2117"},{"taxonomy":"post_tag","embeddable":true,"href":"https:\/\/agora.xtec.cat\/ceipnarcismonturiol\/wp-json\/wp\/v2\/tags?post=2117"}],"curies":[{"name":"wp","href":"https:\/\/api.w.org\/{rel}","templated":true}]}}