{"id":2111,"date":"2024-05-21T22:31:41","date_gmt":"2024-05-21T20:31:41","guid":{"rendered":"https:\/\/agora.xtec.cat\/ceipnarcismonturiol\/?p=2111"},"modified":"2024-05-21T22:31:41","modified_gmt":"2024-05-21T20:31:41","slug":"cantania-5e","status":"publish","type":"post","link":"https:\/\/agora.xtec.cat\/ceipnarcismonturiol\/general\/cantania-5e\/","title":{"rendered":"CANT\u00c0NIA &#8211; 5\u00e8"},"content":{"rendered":"<p>Dissabte vam cantar al teatre jard\u00ed de Figueres en la Cant\u00e0nia 2024. Diuen d&#8217;ella que \u00e9s la Cant\u00e0nia m\u00e9s empordanesa de la hist\u00f2ria, ja que ha estat composta per Marc\u00a0<span class=\"hiddenSpellError\">Tim\u00f3n<\/span>\u00a0de Castell\u00f3 d&#8217;Emp\u00faries amb textos de\u00a0<span class=\"hiddenSpellError\">Jair<\/span> Dom\u00ednguez que \u00e9s de Vilafant. Els petits artistes hi van fer molt b\u00e9!<\/p>\n<p><a href=\"https:\/\/agora.xtec.cat\/ceipnarcismonturiol\/?p=2114&amp;preview=true\"><img loading=\"lazy\" decoding=\"async\" class=\"wp-image-2113 aligncenter\" src=\"https:\/\/agora.xtec.cat\/ceipnarcismonturiol\/wp-content\/uploads\/usu821\/2024\/05\/Captura-de-pantalla-2024-05-21-222139-1-1024x521.jpg\" alt=\"\" width=\"542\" height=\"276\" srcset=\"https:\/\/agora.xtec.cat\/ceipnarcismonturiol\/wp-content\/uploads\/usu821\/2024\/05\/Captura-de-pantalla-2024-05-21-222139-1-1024x521.jpg 1024w, https:\/\/agora.xtec.cat\/ceipnarcismonturiol\/wp-content\/uploads\/usu821\/2024\/05\/Captura-de-pantalla-2024-05-21-222139-1-300x153.jpg 300w, https:\/\/agora.xtec.cat\/ceipnarcismonturiol\/wp-content\/uploads\/usu821\/2024\/05\/Captura-de-pantalla-2024-05-21-222139-1-768x391.jpg 768w, https:\/\/agora.xtec.cat\/ceipnarcismonturiol\/wp-content\/uploads\/usu821\/2024\/05\/Captura-de-pantalla-2024-05-21-222139-1.jpg 1104w\" sizes=\"auto, (max-width: 542px) 100vw, 542px\" \/><\/a><\/p>\n<p>Recordem que per visualitzar les imatges vau rebre un \u201cTokApp\u201d amb el codi per a accedir-hi.<\/p>\n","protected":false},"excerpt":{"rendered":"<p>Dissabte vam cantar al teatre jard\u00ed de Figueres en la Cant\u00e0nia 2024. Diuen d&#8217;ella que \u00e9s la Cant\u00e0nia m\u00e9s empordanesa de la hist\u00f2ria, ja que ha estat composta per Marc\u00a0Tim\u00f3n\u00a0de Castell\u00f3 d&#8217;Emp\u00faries amb textos de\u00a0Jair Dom\u00ednguez que \u00e9s de Vilafant. Els petits artistes hi van&hellip;  <a href=\"https:\/\/agora.xtec.cat\/ceipnarcismonturiol\/general\/cantania-5e\/\" title=\"Read CANT\u00c0NIA &#8211; 5\u00e8\">Llegeix m\u00e9s\u00bb<\/a><\/p>\n","protected":false},"author":1,"featured_media":2113,"comment_status":"closed","ping_status":"closed","sticky":false,"template":"","format":"standard","meta":{"_bbp_topic_count":0,"_bbp_reply_count":0,"_bbp_total_topic_count":0,"_bbp_total_reply_count":0,"_bbp_voice_count":0,"_bbp_anonymous_reply_count":0,"_bbp_topic_count_hidden":0,"_bbp_reply_count_hidden":0,"_bbp_forum_subforum_count":0,"footnotes":""},"categories":[1,4,5],"tags":[],"class_list":["post-2111","post","type-post","status-publish","format-standard","has-post-thumbnail","hentry","category-general","category-portada","category-primaria"],"post_mailing_queue_ids":[],"_links":{"self":[{"href":"https:\/\/agora.xtec.cat\/ceipnarcismonturiol\/wp-json\/wp\/v2\/posts\/2111","targetHints":{"allow":["GET"]}}],"collection":[{"href":"https:\/\/agora.xtec.cat\/ceipnarcismonturiol\/wp-json\/wp\/v2\/posts"}],"about":[{"href":"https:\/\/agora.xtec.cat\/ceipnarcismonturiol\/wp-json\/wp\/v2\/types\/post"}],"author":[{"embeddable":true,"href":"https:\/\/agora.xtec.cat\/ceipnarcismonturiol\/wp-json\/wp\/v2\/users\/1"}],"replies":[{"embeddable":true,"href":"https:\/\/agora.xtec.cat\/ceipnarcismonturiol\/wp-json\/wp\/v2\/comments?post=2111"}],"version-history":[{"count":1,"href":"https:\/\/agora.xtec.cat\/ceipnarcismonturiol\/wp-json\/wp\/v2\/posts\/2111\/revisions"}],"predecessor-version":[{"id":2116,"href":"https:\/\/agora.xtec.cat\/ceipnarcismonturiol\/wp-json\/wp\/v2\/posts\/2111\/revisions\/2116"}],"wp:featuredmedia":[{"embeddable":true,"href":"https:\/\/agora.xtec.cat\/ceipnarcismonturiol\/wp-json\/wp\/v2\/media\/2113"}],"wp:attachment":[{"href":"https:\/\/agora.xtec.cat\/ceipnarcismonturiol\/wp-json\/wp\/v2\/media?parent=2111"}],"wp:term":[{"taxonomy":"category","embeddable":true,"href":"https:\/\/agora.xtec.cat\/ceipnarcismonturiol\/wp-json\/wp\/v2\/categories?post=2111"},{"taxonomy":"post_tag","embeddable":true,"href":"https:\/\/agora.xtec.cat\/ceipnarcismonturiol\/wp-json\/wp\/v2\/tags?post=2111"}],"curies":[{"name":"wp","href":"https:\/\/api.w.org\/{rel}","templated":true}]}}