{"id":2078,"date":"2024-05-09T10:40:10","date_gmt":"2024-05-09T08:40:10","guid":{"rendered":"https:\/\/agora.xtec.cat\/ceipnarcismonturiol\/?p=2078"},"modified":"2024-05-09T10:40:10","modified_gmt":"2024-05-09T08:40:10","slug":"cros-escolar-cm-i-cs","status":"publish","type":"post","link":"https:\/\/agora.xtec.cat\/ceipnarcismonturiol\/general\/cros-escolar-cm-i-cs\/","title":{"rendered":"CROS ESCOLAR &#8211; CM i CS"},"content":{"rendered":"<p>Ahir l&#8217;alumnat de CM i CS va poder participar en el Cros que es va organitzar conjuntament amb el Consell Esportiu de l&#8217;Alt Empord\u00e0.<\/p>\n<p>Van poder gaudir d&#8217;un gran mat\u00ed, fent activitat f\u00edsica al camp de la Vinyassa, on l&#8217;alumnat de 6\u00e8 va preparar un escalfament i uns estiraments per a preparar-los per la gran cursa que van fer per cursos.<\/p>\n<p><a href=\"https:\/\/agora.xtec.cat\/ceipnarcismonturiol\/?p=2080&amp;preview=true\"><img loading=\"lazy\" decoding=\"async\" class=\"size-full wp-image-2079 aligncenter\" src=\"https:\/\/agora.xtec.cat\/ceipnarcismonturiol\/wp-content\/uploads\/usu821\/2024\/05\/Captura-de-pantalla-2024-05-09-103356.png\" alt=\"\" width=\"568\" height=\"333\" srcset=\"https:\/\/agora.xtec.cat\/ceipnarcismonturiol\/wp-content\/uploads\/usu821\/2024\/05\/Captura-de-pantalla-2024-05-09-103356.png 568w, https:\/\/agora.xtec.cat\/ceipnarcismonturiol\/wp-content\/uploads\/usu821\/2024\/05\/Captura-de-pantalla-2024-05-09-103356-300x176.png 300w\" sizes=\"auto, (max-width: 568px) 100vw, 568px\" \/><\/a><\/p>\n<p><strong>Recordem que per visualitzar les imatges vau rebre un \u201cTokApp\u201d amb el codi per a accedir-hi.\u00a0<\/strong><\/p>\n","protected":false},"excerpt":{"rendered":"<p>Ahir l&#8217;alumnat de CM i CS va poder participar en el Cros que es va organitzar conjuntament amb el Consell Esportiu de l&#8217;Alt Empord\u00e0.<br \/>\nVan poder gaudir d&#8217;un gran mat\u00ed, fent activitat f\u00edsica al camp de la Vinyassa, on l&#8217;alumnat de 6\u00e8 va preparar un escalfament&hellip;  <a href=\"https:\/\/agora.xtec.cat\/ceipnarcismonturiol\/general\/cros-escolar-cm-i-cs\/\" title=\"Read CROS ESCOLAR &#8211; CM i CS\">Llegeix m\u00e9s\u00bb<\/a><\/p>\n","protected":false},"author":1,"featured_media":2079,"comment_status":"closed","ping_status":"closed","sticky":false,"template":"","format":"standard","meta":{"_bbp_topic_count":0,"_bbp_reply_count":0,"_bbp_total_topic_count":0,"_bbp_total_reply_count":0,"_bbp_voice_count":0,"_bbp_anonymous_reply_count":0,"_bbp_topic_count_hidden":0,"_bbp_reply_count_hidden":0,"_bbp_forum_subforum_count":0,"footnotes":""},"categories":[1,4,5],"tags":[],"class_list":["post-2078","post","type-post","status-publish","format-standard","has-post-thumbnail","hentry","category-general","category-portada","category-primaria"],"post_mailing_queue_ids":[],"_links":{"self":[{"href":"https:\/\/agora.xtec.cat\/ceipnarcismonturiol\/wp-json\/wp\/v2\/posts\/2078","targetHints":{"allow":["GET"]}}],"collection":[{"href":"https:\/\/agora.xtec.cat\/ceipnarcismonturiol\/wp-json\/wp\/v2\/posts"}],"about":[{"href":"https:\/\/agora.xtec.cat\/ceipnarcismonturiol\/wp-json\/wp\/v2\/types\/post"}],"author":[{"embeddable":true,"href":"https:\/\/agora.xtec.cat\/ceipnarcismonturiol\/wp-json\/wp\/v2\/users\/1"}],"replies":[{"embeddable":true,"href":"https:\/\/agora.xtec.cat\/ceipnarcismonturiol\/wp-json\/wp\/v2\/comments?post=2078"}],"version-history":[{"count":1,"href":"https:\/\/agora.xtec.cat\/ceipnarcismonturiol\/wp-json\/wp\/v2\/posts\/2078\/revisions"}],"predecessor-version":[{"id":2082,"href":"https:\/\/agora.xtec.cat\/ceipnarcismonturiol\/wp-json\/wp\/v2\/posts\/2078\/revisions\/2082"}],"wp:featuredmedia":[{"embeddable":true,"href":"https:\/\/agora.xtec.cat\/ceipnarcismonturiol\/wp-json\/wp\/v2\/media\/2079"}],"wp:attachment":[{"href":"https:\/\/agora.xtec.cat\/ceipnarcismonturiol\/wp-json\/wp\/v2\/media?parent=2078"}],"wp:term":[{"taxonomy":"category","embeddable":true,"href":"https:\/\/agora.xtec.cat\/ceipnarcismonturiol\/wp-json\/wp\/v2\/categories?post=2078"},{"taxonomy":"post_tag","embeddable":true,"href":"https:\/\/agora.xtec.cat\/ceipnarcismonturiol\/wp-json\/wp\/v2\/tags?post=2078"}],"curies":[{"name":"wp","href":"https:\/\/api.w.org\/{rel}","templated":true}]}}