{"id":2055,"date":"2024-04-30T10:41:26","date_gmt":"2024-04-30T08:41:26","guid":{"rendered":"https:\/\/agora.xtec.cat\/ceipnarcismonturiol\/?p=2055"},"modified":"2024-04-30T10:41:26","modified_gmt":"2024-04-30T08:41:26","slug":"ciutadella-de-roses-3r","status":"publish","type":"post","link":"https:\/\/agora.xtec.cat\/ceipnarcismonturiol\/general\/ciutadella-de-roses-3r\/","title":{"rendered":"CIUTADELLA DE ROSES &#8211; 3r"},"content":{"rendered":"<p>El passat divendres 26 d&#8217;abril, els nens i nenes de 3r de prim\u00e0ria de l&#8217;escola Narc\u00eds Monturiol, vam anar a la Ciutadella de Roses.<\/p>\n<p>L&#8217;activitat, anomenada &#8220;Parlem de grecs, romans, monjos i soldats&#8221;, consistia a con\u00e8ixer la hist\u00f2ria de la Ciutadella. Vam aprendre que els grecs van ser els primers a arribar a la Ciutadella, i vam con\u00e8ixer la moneda que utilitzaven en aquella \u00e8poca: la dracma. M\u00e9s tard, van arribar els romans, que usaven molt la cer\u00e0mica per fabricar objectes com la ll\u00e0ntia. Despr\u00e9s, els monjos van arribar a la Ciutadella, i van construir una esgl\u00e9sia, on nom\u00e9s es podia accedir fent alguna donaci\u00f3. Finalment, van apar\u00e8ixer els soldats, i amb ells les armes, els canons, les \u00e0ncores, etc.<\/p>\n<p>L&#8217;activitat va ser molt divertida, din\u00e0mica i interessant. La Sara, la persona encarregada de dirigir l&#8217;activitat, ens va proposar buscar per tota la Ciutadella objectes propis d&#8217;aquella \u00e8poca, per despr\u00e9s con\u00e8ixer-los amb les seves explicacions. Tamb\u00e9 vam fer un &#8220;Stop Motion&#8221;, amb l&#8217;explicaci\u00f3 de tota la hist\u00f2ria de la Ciutadella. Va ser molt divertit!<\/p>\n<p><a href=\"https:\/\/agora.xtec.cat\/ceipnarcismonturiol\/?p=2057&amp;preview=true\"><img loading=\"lazy\" decoding=\"async\" class=\"size-full wp-image-2056 aligncenter\" src=\"https:\/\/agora.xtec.cat\/ceipnarcismonturiol\/wp-content\/uploads\/usu821\/2024\/04\/1111.jpg\" alt=\"\" width=\"558\" height=\"402\" srcset=\"https:\/\/agora.xtec.cat\/ceipnarcismonturiol\/wp-content\/uploads\/usu821\/2024\/04\/1111.jpg 558w, https:\/\/agora.xtec.cat\/ceipnarcismonturiol\/wp-content\/uploads\/usu821\/2024\/04\/1111-300x216.jpg 300w\" sizes=\"auto, (max-width: 558px) 100vw, 558px\" \/><\/a><\/p>\n<p><strong>Recordem que per visualitzar les imatges vau rebre un \u201cTokApp\u201d amb el codi per a accedir-hi.\u00a0<\/strong><\/p>\n","protected":false},"excerpt":{"rendered":"<p>El passat divendres 26 d&#8217;abril, els nens i nenes de 3r de prim\u00e0ria de l&#8217;escola Narc\u00eds Monturiol, vam anar a la Ciutadella de Roses.<br \/>\nL&#8217;activitat, anomenada &#8220;Parlem de grecs, romans, monjos i soldats&#8221;, consistia a con\u00e8ixer la hist\u00f2ria de la Ciutadella. Vam aprendre que els grecs&hellip;  <a href=\"https:\/\/agora.xtec.cat\/ceipnarcismonturiol\/general\/ciutadella-de-roses-3r\/\" title=\"Read CIUTADELLA DE ROSES &#8211; 3r\">Llegeix m\u00e9s\u00bb<\/a><\/p>\n","protected":false},"author":1,"featured_media":2056,"comment_status":"closed","ping_status":"closed","sticky":false,"template":"","format":"standard","meta":{"_bbp_topic_count":0,"_bbp_reply_count":0,"_bbp_total_topic_count":0,"_bbp_total_reply_count":0,"_bbp_voice_count":0,"_bbp_anonymous_reply_count":0,"_bbp_topic_count_hidden":0,"_bbp_reply_count_hidden":0,"_bbp_forum_subforum_count":0,"footnotes":""},"categories":[1,4,5],"tags":[],"class_list":["post-2055","post","type-post","status-publish","format-standard","has-post-thumbnail","hentry","category-general","category-portada","category-primaria"],"post_mailing_queue_ids":[],"_links":{"self":[{"href":"https:\/\/agora.xtec.cat\/ceipnarcismonturiol\/wp-json\/wp\/v2\/posts\/2055","targetHints":{"allow":["GET"]}}],"collection":[{"href":"https:\/\/agora.xtec.cat\/ceipnarcismonturiol\/wp-json\/wp\/v2\/posts"}],"about":[{"href":"https:\/\/agora.xtec.cat\/ceipnarcismonturiol\/wp-json\/wp\/v2\/types\/post"}],"author":[{"embeddable":true,"href":"https:\/\/agora.xtec.cat\/ceipnarcismonturiol\/wp-json\/wp\/v2\/users\/1"}],"replies":[{"embeddable":true,"href":"https:\/\/agora.xtec.cat\/ceipnarcismonturiol\/wp-json\/wp\/v2\/comments?post=2055"}],"version-history":[{"count":2,"href":"https:\/\/agora.xtec.cat\/ceipnarcismonturiol\/wp-json\/wp\/v2\/posts\/2055\/revisions"}],"predecessor-version":[{"id":2060,"href":"https:\/\/agora.xtec.cat\/ceipnarcismonturiol\/wp-json\/wp\/v2\/posts\/2055\/revisions\/2060"}],"wp:featuredmedia":[{"embeddable":true,"href":"https:\/\/agora.xtec.cat\/ceipnarcismonturiol\/wp-json\/wp\/v2\/media\/2056"}],"wp:attachment":[{"href":"https:\/\/agora.xtec.cat\/ceipnarcismonturiol\/wp-json\/wp\/v2\/media?parent=2055"}],"wp:term":[{"taxonomy":"category","embeddable":true,"href":"https:\/\/agora.xtec.cat\/ceipnarcismonturiol\/wp-json\/wp\/v2\/categories?post=2055"},{"taxonomy":"post_tag","embeddable":true,"href":"https:\/\/agora.xtec.cat\/ceipnarcismonturiol\/wp-json\/wp\/v2\/tags?post=2055"}],"curies":[{"name":"wp","href":"https:\/\/api.w.org\/{rel}","templated":true}]}}