{"id":2050,"date":"2024-04-26T22:17:26","date_gmt":"2024-04-26T20:17:26","guid":{"rendered":"https:\/\/agora.xtec.cat\/ceipnarcismonturiol\/?p=2050"},"modified":"2024-04-26T22:17:26","modified_gmt":"2024-04-26T20:17:26","slug":"correcull-cs","status":"publish","type":"post","link":"https:\/\/agora.xtec.cat\/ceipnarcismonturiol\/general\/correcull-cs\/","title":{"rendered":"CORRECULL &#8211; CS"},"content":{"rendered":"<p>El passat dijous l&#8217;alumnat de 5\u00e8 i 6\u00e8 de prim\u00e0ria van dur a terme conjuntament el &#8220;<span class=\"hiddenSpellError\">Correcull<\/span>&#8220;. Aquesta proposta educativa consisteix a sortir pels voltants de l&#8217;escola i recollir deixalles que es van trobant pel cam\u00ed fent un recorregut m\u00ednim de 3 km.<br \/>\nUn cop l&#8217;alumnat t\u00e9 totes les deixalles, les classifiquen, la pesen i finalment la llencen als contenidors de reciclatge.<br \/>\nAix\u00ed doncs, fent aquesta activitat fomentem el respecte cap al medi ambient i ens conscienciem de la necessitat de\u00a0<span class=\"hiddenSpellError\">reduir<\/span>\u00a0la quantitat de residus que generem com a societat.<\/p>\n<p><a href=\"https:\/\/agora.xtec.cat\/ceipnarcismonturiol\/?p=2052&amp;preview=true\"><img loading=\"lazy\" decoding=\"async\" class=\"wp-image-2051 aligncenter\" src=\"https:\/\/agora.xtec.cat\/ceipnarcismonturiol\/wp-content\/uploads\/usu821\/2024\/04\/Image-2024-04-26-at-10.49.05-1024x768.jpeg\" alt=\"\" width=\"543\" height=\"407\" srcset=\"https:\/\/agora.xtec.cat\/ceipnarcismonturiol\/wp-content\/uploads\/usu821\/2024\/04\/Image-2024-04-26-at-10.49.05-1024x768.jpeg 1024w, https:\/\/agora.xtec.cat\/ceipnarcismonturiol\/wp-content\/uploads\/usu821\/2024\/04\/Image-2024-04-26-at-10.49.05-300x225.jpeg 300w, https:\/\/agora.xtec.cat\/ceipnarcismonturiol\/wp-content\/uploads\/usu821\/2024\/04\/Image-2024-04-26-at-10.49.05-768x576.jpeg 768w, https:\/\/agora.xtec.cat\/ceipnarcismonturiol\/wp-content\/uploads\/usu821\/2024\/04\/Image-2024-04-26-at-10.49.05-1536x1152.jpeg 1536w, https:\/\/agora.xtec.cat\/ceipnarcismonturiol\/wp-content\/uploads\/usu821\/2024\/04\/Image-2024-04-26-at-10.49.05-200x150.jpeg 200w, https:\/\/agora.xtec.cat\/ceipnarcismonturiol\/wp-content\/uploads\/usu821\/2024\/04\/Image-2024-04-26-at-10.49.05.jpeg 1600w\" sizes=\"auto, (max-width: 543px) 100vw, 543px\" \/><\/a><\/p>\n<p><strong>Recordem que per visualitzar les imatges vau rebre un \u201cTokApp\u201d amb el codi per a accedir-hi.\u00a0<\/strong><\/p>\n","protected":false},"excerpt":{"rendered":"<p>El passat dijous l&#8217;alumnat de 5\u00e8 i 6\u00e8 de prim\u00e0ria van dur a terme conjuntament el &#8220;Correcull&#8220;. Aquesta proposta educativa consisteix a sortir pels voltants de l&#8217;escola i recollir deixalles que es van trobant pel cam\u00ed fent un recorregut m\u00ednim de 3 km.<br \/>\nUn cop l&#8217;alumnat&hellip;  <a href=\"https:\/\/agora.xtec.cat\/ceipnarcismonturiol\/general\/correcull-cs\/\" title=\"Read CORRECULL &#8211; CS\">Llegeix m\u00e9s\u00bb<\/a><\/p>\n","protected":false},"author":1,"featured_media":2051,"comment_status":"closed","ping_status":"closed","sticky":false,"template":"","format":"standard","meta":{"_bbp_topic_count":0,"_bbp_reply_count":0,"_bbp_total_topic_count":0,"_bbp_total_reply_count":0,"_bbp_voice_count":0,"_bbp_anonymous_reply_count":0,"_bbp_topic_count_hidden":0,"_bbp_reply_count_hidden":0,"_bbp_forum_subforum_count":0,"footnotes":""},"categories":[1,4,5],"tags":[],"class_list":["post-2050","post","type-post","status-publish","format-standard","has-post-thumbnail","hentry","category-general","category-portada","category-primaria"],"post_mailing_queue_ids":[],"_links":{"self":[{"href":"https:\/\/agora.xtec.cat\/ceipnarcismonturiol\/wp-json\/wp\/v2\/posts\/2050","targetHints":{"allow":["GET"]}}],"collection":[{"href":"https:\/\/agora.xtec.cat\/ceipnarcismonturiol\/wp-json\/wp\/v2\/posts"}],"about":[{"href":"https:\/\/agora.xtec.cat\/ceipnarcismonturiol\/wp-json\/wp\/v2\/types\/post"}],"author":[{"embeddable":true,"href":"https:\/\/agora.xtec.cat\/ceipnarcismonturiol\/wp-json\/wp\/v2\/users\/1"}],"replies":[{"embeddable":true,"href":"https:\/\/agora.xtec.cat\/ceipnarcismonturiol\/wp-json\/wp\/v2\/comments?post=2050"}],"version-history":[{"count":1,"href":"https:\/\/agora.xtec.cat\/ceipnarcismonturiol\/wp-json\/wp\/v2\/posts\/2050\/revisions"}],"predecessor-version":[{"id":2054,"href":"https:\/\/agora.xtec.cat\/ceipnarcismonturiol\/wp-json\/wp\/v2\/posts\/2050\/revisions\/2054"}],"wp:featuredmedia":[{"embeddable":true,"href":"https:\/\/agora.xtec.cat\/ceipnarcismonturiol\/wp-json\/wp\/v2\/media\/2051"}],"wp:attachment":[{"href":"https:\/\/agora.xtec.cat\/ceipnarcismonturiol\/wp-json\/wp\/v2\/media?parent=2050"}],"wp:term":[{"taxonomy":"category","embeddable":true,"href":"https:\/\/agora.xtec.cat\/ceipnarcismonturiol\/wp-json\/wp\/v2\/categories?post=2050"},{"taxonomy":"post_tag","embeddable":true,"href":"https:\/\/agora.xtec.cat\/ceipnarcismonturiol\/wp-json\/wp\/v2\/tags?post=2050"}],"curies":[{"name":"wp","href":"https:\/\/api.w.org\/{rel}","templated":true}]}}