{"id":2014,"date":"2024-04-22T13:02:04","date_gmt":"2024-04-22T11:02:04","guid":{"rendered":"https:\/\/agora.xtec.cat\/ceipnarcismonturiol\/?p=2014"},"modified":"2024-04-22T13:02:04","modified_gmt":"2024-04-22T11:02:04","slug":"anem-a-buscar-curculles-3r","status":"publish","type":"post","link":"https:\/\/agora.xtec.cat\/ceipnarcismonturiol\/general\/anem-a-buscar-curculles-3r\/","title":{"rendered":"ANEM A BUSCAR CURCULLES? &#8211; 3R"},"content":{"rendered":"<p>La mainada de 3r hem anat a la platja del segon moll de Roses per realitzar l&#8217;activitat &#8220;Anem a buscar Curculles?&#8221;. Vam trobar moltes curculles i altres esp\u00e8cies, fins i tot un cranc! A m\u00e9s a divertir-nos molt\u00edssim, hem apr\u00e8s sobre la recerca, identificaci\u00f3 i classificaci\u00f3 d&#8217;animalons que ens podem trobar a la vora de la platja. Sempre amb respecte i sent conscient de la import\u00e0ncia de tenir cura de la natura que ens envolta.<\/p>\n<p><a href=\"https:\/\/agora.xtec.cat\/ceipnarcismonturiol\/general\/curculles\/\"><img loading=\"lazy\" decoding=\"async\" class=\"wp-image-2015 aligncenter\" src=\"https:\/\/agora.xtec.cat\/ceipnarcismonturiol\/wp-content\/uploads\/usu821\/2024\/04\/Captura-18.png\" alt=\"\" width=\"353\" height=\"428\" srcset=\"https:\/\/agora.xtec.cat\/ceipnarcismonturiol\/wp-content\/uploads\/usu821\/2024\/04\/Captura-18.png 559w, https:\/\/agora.xtec.cat\/ceipnarcismonturiol\/wp-content\/uploads\/usu821\/2024\/04\/Captura-18-248x300.png 248w\" sizes=\"auto, (max-width: 353px) 100vw, 353px\" \/><\/a><\/p>\n<p><b>Recordem que per visualitzar les imatges vau rebre un \u201cTokApp\u201d amb el codi per a accedir-hi.<\/b><\/p>\n","protected":false},"excerpt":{"rendered":"<p>La mainada de 3r hem anat a la platja del segon moll de Roses per realitzar l&#8217;activitat &#8220;Anem a buscar Curculles?&#8221;. Vam trobar moltes curculles i altres esp\u00e8cies, fins i tot un cranc! A m\u00e9s a divertir-nos molt\u00edssim, hem apr\u00e8s sobre la recerca, identificaci\u00f3 i&hellip;  <a href=\"https:\/\/agora.xtec.cat\/ceipnarcismonturiol\/general\/anem-a-buscar-curculles-3r\/\" title=\"Read ANEM A BUSCAR CURCULLES? &#8211; 3R\">Llegeix m\u00e9s\u00bb<\/a><\/p>\n","protected":false},"author":1,"featured_media":2015,"comment_status":"closed","ping_status":"closed","sticky":false,"template":"","format":"standard","meta":{"_bbp_topic_count":0,"_bbp_reply_count":0,"_bbp_total_topic_count":0,"_bbp_total_reply_count":0,"_bbp_voice_count":0,"_bbp_anonymous_reply_count":0,"_bbp_topic_count_hidden":0,"_bbp_reply_count_hidden":0,"_bbp_forum_subforum_count":0,"footnotes":""},"categories":[12,1,4],"tags":[],"class_list":["post-2014","post","type-post","status-publish","format-standard","has-post-thumbnail","hentry","category-cm","category-general","category-portada"],"post_mailing_queue_ids":[],"_links":{"self":[{"href":"https:\/\/agora.xtec.cat\/ceipnarcismonturiol\/wp-json\/wp\/v2\/posts\/2014","targetHints":{"allow":["GET"]}}],"collection":[{"href":"https:\/\/agora.xtec.cat\/ceipnarcismonturiol\/wp-json\/wp\/v2\/posts"}],"about":[{"href":"https:\/\/agora.xtec.cat\/ceipnarcismonturiol\/wp-json\/wp\/v2\/types\/post"}],"author":[{"embeddable":true,"href":"https:\/\/agora.xtec.cat\/ceipnarcismonturiol\/wp-json\/wp\/v2\/users\/1"}],"replies":[{"embeddable":true,"href":"https:\/\/agora.xtec.cat\/ceipnarcismonturiol\/wp-json\/wp\/v2\/comments?post=2014"}],"version-history":[{"count":1,"href":"https:\/\/agora.xtec.cat\/ceipnarcismonturiol\/wp-json\/wp\/v2\/posts\/2014\/revisions"}],"predecessor-version":[{"id":2019,"href":"https:\/\/agora.xtec.cat\/ceipnarcismonturiol\/wp-json\/wp\/v2\/posts\/2014\/revisions\/2019"}],"wp:featuredmedia":[{"embeddable":true,"href":"https:\/\/agora.xtec.cat\/ceipnarcismonturiol\/wp-json\/wp\/v2\/media\/2015"}],"wp:attachment":[{"href":"https:\/\/agora.xtec.cat\/ceipnarcismonturiol\/wp-json\/wp\/v2\/media?parent=2014"}],"wp:term":[{"taxonomy":"category","embeddable":true,"href":"https:\/\/agora.xtec.cat\/ceipnarcismonturiol\/wp-json\/wp\/v2\/categories?post=2014"},{"taxonomy":"post_tag","embeddable":true,"href":"https:\/\/agora.xtec.cat\/ceipnarcismonturiol\/wp-json\/wp\/v2\/tags?post=2014"}],"curies":[{"name":"wp","href":"https:\/\/api.w.org\/{rel}","templated":true}]}}