{"id":1987,"date":"2024-04-11T17:00:48","date_gmt":"2024-04-11T15:00:48","guid":{"rendered":"https:\/\/agora.xtec.cat\/ceipnarcismonturiol\/?p=1987"},"modified":"2024-04-11T17:00:48","modified_gmt":"2024-04-11T15:00:48","slug":"biblioteca-i4","status":"publish","type":"post","link":"https:\/\/agora.xtec.cat\/ceipnarcismonturiol\/general\/biblioteca-i4\/","title":{"rendered":"BIBLIOTECA &#8211; I4"},"content":{"rendered":"<p><span style=\"font-weight: 400;\">Els i les alumnes d\u2019I4 hem anat a visitar la biblioteca de Roses. La S\u00edlvia ens ha ensenyat molts i molts contes, sobretot d\u2019animals. I despr\u00e9s, hem pogut veure els que nosaltres volgu\u00e9ssim. Abans de marxar hem decidit quins ens agradaria emportar-nos uns dies a l\u2019escola i entre tots n\u2019hem triat 3. Hem vist com es fa un pr\u00e9stec, i per aix\u00f2 ens agradaria fer-nos el carnet! Hem pensat que, potser, les fam\u00edlies ens poden portar a la biblioteca un altre dia per poder-nos fer el carnet i agafar els contes que vulguem.<\/span><\/p>\n<p><a href=\"https:\/\/agora.xtec.cat\/ceipnarcismonturiol\/general\/biblio\/\"><img loading=\"lazy\" decoding=\"async\" class=\"wp-image-1988 aligncenter\" src=\"https:\/\/agora.xtec.cat\/ceipnarcismonturiol\/wp-content\/uploads\/usu821\/2024\/04\/Captura-14-1024x699.png\" alt=\"\" width=\"637\" height=\"435\" srcset=\"https:\/\/agora.xtec.cat\/ceipnarcismonturiol\/wp-content\/uploads\/usu821\/2024\/04\/Captura-14-1024x699.png 1024w, https:\/\/agora.xtec.cat\/ceipnarcismonturiol\/wp-content\/uploads\/usu821\/2024\/04\/Captura-14-300x205.png 300w, https:\/\/agora.xtec.cat\/ceipnarcismonturiol\/wp-content\/uploads\/usu821\/2024\/04\/Captura-14-768x525.png 768w, https:\/\/agora.xtec.cat\/ceipnarcismonturiol\/wp-content\/uploads\/usu821\/2024\/04\/Captura-14.png 1208w\" sizes=\"auto, (max-width: 637px) 100vw, 637px\" \/><\/a><\/p>\n<p><b>Recordem que per visualitzar les imatges vau rebre un \u201cTokApp\u201d amb el codi per a accedir-hi.<\/b><\/p>\n","protected":false},"excerpt":{"rendered":"<p>Els i les alumnes d\u2019I4 hem anat a visitar la biblioteca de Roses. La S\u00edlvia ens ha ensenyat molts i molts contes, sobretot d\u2019animals. I despr\u00e9s, hem pogut veure els que nosaltres volgu\u00e9ssim. Abans de marxar hem decidit quins ens agradaria emportar-nos uns dies a&hellip;  <a href=\"https:\/\/agora.xtec.cat\/ceipnarcismonturiol\/general\/biblioteca-i4\/\" title=\"Read BIBLIOTECA &#8211; I4\">Llegeix m\u00e9s\u00bb<\/a><\/p>\n","protected":false},"author":1,"featured_media":1988,"comment_status":"closed","ping_status":"closed","sticky":false,"template":"","format":"standard","meta":{"_bbp_topic_count":0,"_bbp_reply_count":0,"_bbp_total_topic_count":0,"_bbp_total_reply_count":0,"_bbp_voice_count":0,"_bbp_anonymous_reply_count":0,"_bbp_topic_count_hidden":0,"_bbp_reply_count_hidden":0,"_bbp_forum_subforum_count":0,"footnotes":""},"categories":[1,8,2,4],"tags":[],"class_list":["post-1987","post","type-post","status-publish","format-standard","has-post-thumbnail","hentry","category-general","category-i4","category-infantil","category-portada"],"post_mailing_queue_ids":[],"_links":{"self":[{"href":"https:\/\/agora.xtec.cat\/ceipnarcismonturiol\/wp-json\/wp\/v2\/posts\/1987","targetHints":{"allow":["GET"]}}],"collection":[{"href":"https:\/\/agora.xtec.cat\/ceipnarcismonturiol\/wp-json\/wp\/v2\/posts"}],"about":[{"href":"https:\/\/agora.xtec.cat\/ceipnarcismonturiol\/wp-json\/wp\/v2\/types\/post"}],"author":[{"embeddable":true,"href":"https:\/\/agora.xtec.cat\/ceipnarcismonturiol\/wp-json\/wp\/v2\/users\/1"}],"replies":[{"embeddable":true,"href":"https:\/\/agora.xtec.cat\/ceipnarcismonturiol\/wp-json\/wp\/v2\/comments?post=1987"}],"version-history":[{"count":1,"href":"https:\/\/agora.xtec.cat\/ceipnarcismonturiol\/wp-json\/wp\/v2\/posts\/1987\/revisions"}],"predecessor-version":[{"id":1992,"href":"https:\/\/agora.xtec.cat\/ceipnarcismonturiol\/wp-json\/wp\/v2\/posts\/1987\/revisions\/1992"}],"wp:featuredmedia":[{"embeddable":true,"href":"https:\/\/agora.xtec.cat\/ceipnarcismonturiol\/wp-json\/wp\/v2\/media\/1988"}],"wp:attachment":[{"href":"https:\/\/agora.xtec.cat\/ceipnarcismonturiol\/wp-json\/wp\/v2\/media?parent=1987"}],"wp:term":[{"taxonomy":"category","embeddable":true,"href":"https:\/\/agora.xtec.cat\/ceipnarcismonturiol\/wp-json\/wp\/v2\/categories?post=1987"},{"taxonomy":"post_tag","embeddable":true,"href":"https:\/\/agora.xtec.cat\/ceipnarcismonturiol\/wp-json\/wp\/v2\/tags?post=1987"}],"curies":[{"name":"wp","href":"https:\/\/api.w.org\/{rel}","templated":true}]}}