{"id":1964,"date":"2024-04-04T18:53:39","date_gmt":"2024-04-04T16:53:39","guid":{"rendered":"https:\/\/agora.xtec.cat\/ceipnarcismonturiol\/?p=1964"},"modified":"2024-04-04T18:53:39","modified_gmt":"2024-04-04T16:53:39","slug":"rodajoc-roses-4t","status":"publish","type":"post","link":"https:\/\/agora.xtec.cat\/ceipnarcismonturiol\/general\/rodajoc-roses-4t\/","title":{"rendered":"RODAJOC ROSES &#8211; 4T"},"content":{"rendered":"<p><span>Ahir, 3 d&#8217;abril, es va portar a terme el Rodajoc de Roses a la Ciutadella de Roses en el que van participar l&#8217;alumnat de 4t de prim\u00e0ria de totes les escoles del municipi.\u00a0<\/span><\/p>\n<p>Durant aquesta jornada, on estaven tots els alumnes de les diferents escoles barrejades, van poder realitzar 10 jocs provinents d&#8217;altres pa\u00efsos, com el Jan Ken Po, El Cheia, la Selva, entre d&#8217;altres.<\/p>\n<p>L&#8217;alumnat s&#8217;ho va passar d&#8217;all\u00f2 m\u00e9s b\u00e9 compartint i coneixent altres infants de la zona.<\/p>\n<p><a href=\"https:\/\/agora.xtec.cat\/ceipnarcismonturiol\/?p=1966&amp;preview=true\"><img loading=\"lazy\" decoding=\"async\" class=\" wp-image-1965 aligncenter\" src=\"https:\/\/agora.xtec.cat\/ceipnarcismonturiol\/wp-content\/uploads\/usu821\/2024\/04\/Captura-de-pantalla-2024-04-04-184130.jpg\" alt=\"\" width=\"541\" height=\"259\" srcset=\"https:\/\/agora.xtec.cat\/ceipnarcismonturiol\/wp-content\/uploads\/usu821\/2024\/04\/Captura-de-pantalla-2024-04-04-184130.jpg 774w, https:\/\/agora.xtec.cat\/ceipnarcismonturiol\/wp-content\/uploads\/usu821\/2024\/04\/Captura-de-pantalla-2024-04-04-184130-300x143.jpg 300w, https:\/\/agora.xtec.cat\/ceipnarcismonturiol\/wp-content\/uploads\/usu821\/2024\/04\/Captura-de-pantalla-2024-04-04-184130-768x367.jpg 768w\" sizes=\"auto, (max-width: 541px) 100vw, 541px\" \/><\/a><\/p>\n<p><b>Recordem que per visualitzar les imatges vau rebre un \u201cTokApp\u201d amb el codi per a accedir-hi.<\/b><\/p>\n","protected":false},"excerpt":{"rendered":"<p>Ahir, 3 d&#8217;abril, es va portar a terme el Rodajoc de Roses a la Ciutadella de Roses en el que van participar l&#8217;alumnat de 4t de prim\u00e0ria de totes les escoles del municipi.\u00a0<br \/>\nDurant aquesta jornada, on estaven tots els alumnes de les diferents escoles barrejades,&hellip;  <a href=\"https:\/\/agora.xtec.cat\/ceipnarcismonturiol\/general\/rodajoc-roses-4t\/\" title=\"Read RODAJOC ROSES &#8211; 4T\">Llegeix m\u00e9s\u00bb<\/a><\/p>\n","protected":false},"author":1,"featured_media":1965,"comment_status":"closed","ping_status":"closed","sticky":false,"template":"","format":"standard","meta":{"_bbp_topic_count":0,"_bbp_reply_count":0,"_bbp_total_topic_count":0,"_bbp_total_reply_count":0,"_bbp_voice_count":0,"_bbp_anonymous_reply_count":0,"_bbp_topic_count_hidden":0,"_bbp_reply_count_hidden":0,"_bbp_forum_subforum_count":0,"footnotes":""},"categories":[1,4,5],"tags":[],"class_list":["post-1964","post","type-post","status-publish","format-standard","has-post-thumbnail","hentry","category-general","category-portada","category-primaria"],"post_mailing_queue_ids":[],"_links":{"self":[{"href":"https:\/\/agora.xtec.cat\/ceipnarcismonturiol\/wp-json\/wp\/v2\/posts\/1964","targetHints":{"allow":["GET"]}}],"collection":[{"href":"https:\/\/agora.xtec.cat\/ceipnarcismonturiol\/wp-json\/wp\/v2\/posts"}],"about":[{"href":"https:\/\/agora.xtec.cat\/ceipnarcismonturiol\/wp-json\/wp\/v2\/types\/post"}],"author":[{"embeddable":true,"href":"https:\/\/agora.xtec.cat\/ceipnarcismonturiol\/wp-json\/wp\/v2\/users\/1"}],"replies":[{"embeddable":true,"href":"https:\/\/agora.xtec.cat\/ceipnarcismonturiol\/wp-json\/wp\/v2\/comments?post=1964"}],"version-history":[{"count":1,"href":"https:\/\/agora.xtec.cat\/ceipnarcismonturiol\/wp-json\/wp\/v2\/posts\/1964\/revisions"}],"predecessor-version":[{"id":1968,"href":"https:\/\/agora.xtec.cat\/ceipnarcismonturiol\/wp-json\/wp\/v2\/posts\/1964\/revisions\/1968"}],"wp:featuredmedia":[{"embeddable":true,"href":"https:\/\/agora.xtec.cat\/ceipnarcismonturiol\/wp-json\/wp\/v2\/media\/1965"}],"wp:attachment":[{"href":"https:\/\/agora.xtec.cat\/ceipnarcismonturiol\/wp-json\/wp\/v2\/media?parent=1964"}],"wp:term":[{"taxonomy":"category","embeddable":true,"href":"https:\/\/agora.xtec.cat\/ceipnarcismonturiol\/wp-json\/wp\/v2\/categories?post=1964"},{"taxonomy":"post_tag","embeddable":true,"href":"https:\/\/agora.xtec.cat\/ceipnarcismonturiol\/wp-json\/wp\/v2\/tags?post=1964"}],"curies":[{"name":"wp","href":"https:\/\/api.w.org\/{rel}","templated":true}]}}