{"id":1936,"date":"2024-03-14T21:23:05","date_gmt":"2024-03-14T20:23:05","guid":{"rendered":"https:\/\/agora.xtec.cat\/ceipnarcismonturiol\/?p=1936"},"modified":"2024-03-20T21:24:09","modified_gmt":"2024-03-20T20:24:09","slug":"visita-a-lajuntament-de-roses-3r","status":"publish","type":"post","link":"https:\/\/agora.xtec.cat\/ceipnarcismonturiol\/general\/visita-a-lajuntament-de-roses-3r\/","title":{"rendered":"VISITA A L&#8217;AJUNTAMENT DE ROSES &#8211; 3R"},"content":{"rendered":"<p>El passat 14 de mar\u00e7, la nostra classe de 3r de l&#8217;escola Narc\u00eds Monturiol vam fer una visita a l&#8217;Ajuntament de Roses. Vam tenir l&#8217;oportunitat de parlar amb l&#8217;alcalde i fer-li preguntes sobre l&#8217;Ajuntament, el municipi i els seus projectes. Va ser molt interessant i ens va fer sentir m\u00e9s connectats amb la nostra comunitat. Estem agra\u00efts per la seva amabilitat i per compartir amb nosaltres aquesta experi\u00e8ncia educativa.<\/p>\n<p><a href=\"https:\/\/agora.xtec.cat\/ceipnarcismonturiol\/?p=1938&amp;preview=true\"><img loading=\"lazy\" decoding=\"async\" class=\" wp-image-1937 aligncenter\" src=\"https:\/\/agora.xtec.cat\/ceipnarcismonturiol\/wp-content\/uploads\/usu821\/2024\/03\/a-949x1024.jpg\" alt=\"\" width=\"278\" height=\"299\" srcset=\"https:\/\/agora.xtec.cat\/ceipnarcismonturiol\/wp-content\/uploads\/usu821\/2024\/03\/a-949x1024.jpg 949w, https:\/\/agora.xtec.cat\/ceipnarcismonturiol\/wp-content\/uploads\/usu821\/2024\/03\/a-278x300.jpg 278w, https:\/\/agora.xtec.cat\/ceipnarcismonturiol\/wp-content\/uploads\/usu821\/2024\/03\/a-768x829.jpg 768w, https:\/\/agora.xtec.cat\/ceipnarcismonturiol\/wp-content\/uploads\/usu821\/2024\/03\/a-1423x1536.jpg 1423w, https:\/\/agora.xtec.cat\/ceipnarcismonturiol\/wp-content\/uploads\/usu821\/2024\/03\/a.jpg 1772w\" sizes=\"auto, (max-width: 278px) 100vw, 278px\" \/><\/a><\/p>\n<p><b>Recordem que per visualitzar les imatges vau rebre un \u201cTokApp\u201d amb el codi per a accedir-hi.<\/b><\/p>\n","protected":false},"excerpt":{"rendered":"<p>El passat 14 de mar\u00e7, la nostra classe de 3r de l&#8217;escola Narc\u00eds Monturiol vam fer una visita a l&#8217;Ajuntament de Roses. Vam tenir l&#8217;oportunitat de parlar amb l&#8217;alcalde i fer-li preguntes sobre l&#8217;Ajuntament, el municipi i els seus projectes. Va ser molt interessant i&hellip;  <a href=\"https:\/\/agora.xtec.cat\/ceipnarcismonturiol\/general\/visita-a-lajuntament-de-roses-3r\/\" title=\"Read VISITA A L&#8217;AJUNTAMENT DE ROSES &#8211; 3R\">Llegeix m\u00e9s\u00bb<\/a><\/p>\n","protected":false},"author":1,"featured_media":1937,"comment_status":"closed","ping_status":"closed","sticky":false,"template":"","format":"standard","meta":{"_bbp_topic_count":0,"_bbp_reply_count":0,"_bbp_total_topic_count":0,"_bbp_total_reply_count":0,"_bbp_voice_count":0,"_bbp_anonymous_reply_count":0,"_bbp_topic_count_hidden":0,"_bbp_reply_count_hidden":0,"_bbp_forum_subforum_count":0,"footnotes":""},"categories":[1,4],"tags":[],"class_list":["post-1936","post","type-post","status-publish","format-standard","has-post-thumbnail","hentry","category-general","category-portada"],"post_mailing_queue_ids":[],"_links":{"self":[{"href":"https:\/\/agora.xtec.cat\/ceipnarcismonturiol\/wp-json\/wp\/v2\/posts\/1936","targetHints":{"allow":["GET"]}}],"collection":[{"href":"https:\/\/agora.xtec.cat\/ceipnarcismonturiol\/wp-json\/wp\/v2\/posts"}],"about":[{"href":"https:\/\/agora.xtec.cat\/ceipnarcismonturiol\/wp-json\/wp\/v2\/types\/post"}],"author":[{"embeddable":true,"href":"https:\/\/agora.xtec.cat\/ceipnarcismonturiol\/wp-json\/wp\/v2\/users\/1"}],"replies":[{"embeddable":true,"href":"https:\/\/agora.xtec.cat\/ceipnarcismonturiol\/wp-json\/wp\/v2\/comments?post=1936"}],"version-history":[{"count":2,"href":"https:\/\/agora.xtec.cat\/ceipnarcismonturiol\/wp-json\/wp\/v2\/posts\/1936\/revisions"}],"predecessor-version":[{"id":1942,"href":"https:\/\/agora.xtec.cat\/ceipnarcismonturiol\/wp-json\/wp\/v2\/posts\/1936\/revisions\/1942"}],"wp:featuredmedia":[{"embeddable":true,"href":"https:\/\/agora.xtec.cat\/ceipnarcismonturiol\/wp-json\/wp\/v2\/media\/1937"}],"wp:attachment":[{"href":"https:\/\/agora.xtec.cat\/ceipnarcismonturiol\/wp-json\/wp\/v2\/media?parent=1936"}],"wp:term":[{"taxonomy":"category","embeddable":true,"href":"https:\/\/agora.xtec.cat\/ceipnarcismonturiol\/wp-json\/wp\/v2\/categories?post=1936"},{"taxonomy":"post_tag","embeddable":true,"href":"https:\/\/agora.xtec.cat\/ceipnarcismonturiol\/wp-json\/wp\/v2\/tags?post=1936"}],"curies":[{"name":"wp","href":"https:\/\/api.w.org\/{rel}","templated":true}]}}