{"id":1928,"date":"2024-03-20T18:19:16","date_gmt":"2024-03-20T17:19:16","guid":{"rendered":"https:\/\/agora.xtec.cat\/ceipnarcismonturiol\/?p=1928"},"modified":"2024-03-20T18:19:22","modified_gmt":"2024-03-20T17:19:22","slug":"visita-al-volca-croscat","status":"publish","type":"post","link":"https:\/\/agora.xtec.cat\/ceipnarcismonturiol\/general\/visita-al-volca-croscat\/","title":{"rendered":"VISITA AL VOLC\u00c0 CROSCAT &#8211; 2N"},"content":{"rendered":"<p><span style=\"font-weight: 400;\">El dimecres 20 de mar\u00e7 de 2024 l\u2019alumnat de 2n de prim\u00e0ria de l\u2019escola Narc\u00eds\u00a0<\/span><span style=\"font-weight: 400;\">Monturiol de Roses va comen\u00e7ar la primavera fent la tradicional excursi\u00f3 al parc natural de la Zona Volc\u00e0nica de la Garrotxa.\u00a0<\/span><\/p>\n<p><span style=\"font-weight: 400;\">Durant la visita els nens i nenes van visitar el volc\u00e0 Croscat i van aprendre un munt de coses sobre aquest, com per exemple el principal motiu pel qual est\u00e0 partit com si fos un past\u00eds d\u2019aniversari o quin va ser el seu origen. Aix\u00ed mateix, abans de la visita els nens i nenes de 2n van dur a terme la gimcana preparada des de la tutoria, on a partir d\u2019unes pistes del follet de la Fageda aquests descobrien m\u00e9s coneixements vers a un altre volc\u00e0 situat al costat del volc\u00e0 Croscat, com \u00e9s el volc\u00e0 Santa Margarida.<\/span><\/p>\n<p><span style=\"font-weight: 400;\">Aix\u00ed doncs, el dia ens va acompanyar i, per tant, podem dir que l\u2019alumnat de 2n va comen\u00e7ar la primavera amb bon peu!<\/span><\/p>\n<p><a href=\"https:\/\/agora.xtec.cat\/ceipnarcismonturiol\/?p=1931&amp;preview=true\"><img loading=\"lazy\" decoding=\"async\" class=\" wp-image-1929 aligncenter\" src=\"https:\/\/agora.xtec.cat\/ceipnarcismonturiol\/wp-content\/uploads\/usu821\/2024\/03\/IMG_1844-776x1024.jpg\" alt=\"\" width=\"337\" height=\"445\" srcset=\"https:\/\/agora.xtec.cat\/ceipnarcismonturiol\/wp-content\/uploads\/usu821\/2024\/03\/IMG_1844-776x1024.jpg 776w, https:\/\/agora.xtec.cat\/ceipnarcismonturiol\/wp-content\/uploads\/usu821\/2024\/03\/IMG_1844-227x300.jpg 227w, https:\/\/agora.xtec.cat\/ceipnarcismonturiol\/wp-content\/uploads\/usu821\/2024\/03\/IMG_1844-768x1014.jpg 768w, https:\/\/agora.xtec.cat\/ceipnarcismonturiol\/wp-content\/uploads\/usu821\/2024\/03\/IMG_1844.jpg 1125w\" sizes=\"auto, (max-width: 337px) 100vw, 337px\" \/><\/a><\/p>\n<p><b>Recordem que per visualitzar les imatges vau rebre un \u201cTokApp\u201d amb el codi per a accedir-hi.<\/b><\/p>\n","protected":false},"excerpt":{"rendered":"<p>El dimecres 20 de mar\u00e7 de 2024 l\u2019alumnat de 2n de prim\u00e0ria de l\u2019escola Narc\u00eds\u00a0Monturiol de Roses va comen\u00e7ar la primavera fent la tradicional excursi\u00f3 al parc natural de la Zona Volc\u00e0nica de la Garrotxa.\u00a0<br \/>\nDurant la visita els nens i nenes van visitar el volc\u00e0&hellip;  <a href=\"https:\/\/agora.xtec.cat\/ceipnarcismonturiol\/general\/visita-al-volca-croscat\/\" title=\"Read VISITA AL VOLC\u00c0 CROSCAT &#8211; 2N\">Llegeix m\u00e9s\u00bb<\/a><\/p>\n","protected":false},"author":1,"featured_media":1929,"comment_status":"closed","ping_status":"closed","sticky":false,"template":"","format":"standard","meta":{"_bbp_topic_count":0,"_bbp_reply_count":0,"_bbp_total_topic_count":0,"_bbp_total_reply_count":0,"_bbp_voice_count":0,"_bbp_anonymous_reply_count":0,"_bbp_topic_count_hidden":0,"_bbp_reply_count_hidden":0,"_bbp_forum_subforum_count":0,"footnotes":""},"categories":[1,4],"tags":[],"class_list":["post-1928","post","type-post","status-publish","format-standard","has-post-thumbnail","hentry","category-general","category-portada"],"post_mailing_queue_ids":[],"_links":{"self":[{"href":"https:\/\/agora.xtec.cat\/ceipnarcismonturiol\/wp-json\/wp\/v2\/posts\/1928","targetHints":{"allow":["GET"]}}],"collection":[{"href":"https:\/\/agora.xtec.cat\/ceipnarcismonturiol\/wp-json\/wp\/v2\/posts"}],"about":[{"href":"https:\/\/agora.xtec.cat\/ceipnarcismonturiol\/wp-json\/wp\/v2\/types\/post"}],"author":[{"embeddable":true,"href":"https:\/\/agora.xtec.cat\/ceipnarcismonturiol\/wp-json\/wp\/v2\/users\/1"}],"replies":[{"embeddable":true,"href":"https:\/\/agora.xtec.cat\/ceipnarcismonturiol\/wp-json\/wp\/v2\/comments?post=1928"}],"version-history":[{"count":2,"href":"https:\/\/agora.xtec.cat\/ceipnarcismonturiol\/wp-json\/wp\/v2\/posts\/1928\/revisions"}],"predecessor-version":[{"id":1934,"href":"https:\/\/agora.xtec.cat\/ceipnarcismonturiol\/wp-json\/wp\/v2\/posts\/1928\/revisions\/1934"}],"wp:featuredmedia":[{"embeddable":true,"href":"https:\/\/agora.xtec.cat\/ceipnarcismonturiol\/wp-json\/wp\/v2\/media\/1929"}],"wp:attachment":[{"href":"https:\/\/agora.xtec.cat\/ceipnarcismonturiol\/wp-json\/wp\/v2\/media?parent=1928"}],"wp:term":[{"taxonomy":"category","embeddable":true,"href":"https:\/\/agora.xtec.cat\/ceipnarcismonturiol\/wp-json\/wp\/v2\/categories?post=1928"},{"taxonomy":"post_tag","embeddable":true,"href":"https:\/\/agora.xtec.cat\/ceipnarcismonturiol\/wp-json\/wp\/v2\/tags?post=1928"}],"curies":[{"name":"wp","href":"https:\/\/api.w.org\/{rel}","templated":true}]}}