{"id":1922,"date":"2024-03-20T17:49:06","date_gmt":"2024-03-20T16:49:06","guid":{"rendered":"https:\/\/agora.xtec.cat\/ceipnarcismonturiol\/?p=1922"},"modified":"2024-03-20T17:49:06","modified_gmt":"2024-03-20T16:49:06","slug":"professions-1r","status":"publish","type":"post","link":"https:\/\/agora.xtec.cat\/ceipnarcismonturiol\/general\/professions-1r\/","title":{"rendered":"PROFESSIONS &#8211; 1R"},"content":{"rendered":"<p><span style=\"font-weight: 400;\">Els nens i nenes de 1r hem estat treballant les professions. Primer vam decidir quines professions vol\u00edem treballar, i despr\u00e9s, per grups hem estat molt enfeinats buscant informaci\u00f3, organitzar-nos i preparant l&#8217;exposici\u00f3 de cada ofici. A m\u00e9s, a la classe hem fet un rac\u00f3 amb diferents eines i materials de les diferents professions. Tamb\u00e9, les fam\u00edlies ens han vingut a explicar quina \u00e9s la seva professi\u00f3. Hem conegut molts oficis diferents, les eines que utilitzen, com i on treballen&#8230; Ha sigut molt interessant! Moltes gr\u00e0cies a les fam\u00edlies per participar en aquest projecte!<\/span><\/p>\n<p><a href=\"https:\/\/agora.xtec.cat\/ceipnarcismonturiol\/general\/professions\/\"><img loading=\"lazy\" decoding=\"async\" class=\"wp-image-1923 aligncenter\" src=\"https:\/\/agora.xtec.cat\/ceipnarcismonturiol\/wp-content\/uploads\/usu821\/2024\/03\/Captura-11-1024x643.png\" alt=\"\" width=\"690\" height=\"433\" srcset=\"https:\/\/agora.xtec.cat\/ceipnarcismonturiol\/wp-content\/uploads\/usu821\/2024\/03\/Captura-11-1024x643.png 1024w, https:\/\/agora.xtec.cat\/ceipnarcismonturiol\/wp-content\/uploads\/usu821\/2024\/03\/Captura-11-300x188.png 300w, https:\/\/agora.xtec.cat\/ceipnarcismonturiol\/wp-content\/uploads\/usu821\/2024\/03\/Captura-11-768x483.png 768w, https:\/\/agora.xtec.cat\/ceipnarcismonturiol\/wp-content\/uploads\/usu821\/2024\/03\/Captura-11.png 1208w\" sizes=\"auto, (max-width: 690px) 100vw, 690px\" \/><\/a><\/p>\n<p><b>Recordem que per visualitzar les imatges vau rebre un \u201cTokApp\u201d amb el codi per a accedir-hi.<\/b><\/p>\n","protected":false},"excerpt":{"rendered":"<p>Els nens i nenes de 1r hem estat treballant les professions. Primer vam decidir quines professions vol\u00edem treballar, i despr\u00e9s, per grups hem estat molt enfeinats buscant informaci\u00f3, organitzar-nos i preparant l&#8217;exposici\u00f3 de cada ofici. A m\u00e9s, a la classe hem fet un rac\u00f3 amb&hellip;  <a href=\"https:\/\/agora.xtec.cat\/ceipnarcismonturiol\/general\/professions-1r\/\" title=\"Read PROFESSIONS &#8211; 1R\">Llegeix m\u00e9s\u00bb<\/a><\/p>\n","protected":false},"author":1,"featured_media":1923,"comment_status":"closed","ping_status":"closed","sticky":false,"template":"","format":"standard","meta":{"_bbp_topic_count":0,"_bbp_reply_count":0,"_bbp_total_topic_count":0,"_bbp_total_reply_count":0,"_bbp_voice_count":0,"_bbp_anonymous_reply_count":0,"_bbp_topic_count_hidden":0,"_bbp_reply_count_hidden":0,"_bbp_forum_subforum_count":0,"footnotes":""},"categories":[10,1,4],"tags":[],"class_list":["post-1922","post","type-post","status-publish","format-standard","has-post-thumbnail","hentry","category-ci","category-general","category-portada"],"post_mailing_queue_ids":[],"_links":{"self":[{"href":"https:\/\/agora.xtec.cat\/ceipnarcismonturiol\/wp-json\/wp\/v2\/posts\/1922","targetHints":{"allow":["GET"]}}],"collection":[{"href":"https:\/\/agora.xtec.cat\/ceipnarcismonturiol\/wp-json\/wp\/v2\/posts"}],"about":[{"href":"https:\/\/agora.xtec.cat\/ceipnarcismonturiol\/wp-json\/wp\/v2\/types\/post"}],"author":[{"embeddable":true,"href":"https:\/\/agora.xtec.cat\/ceipnarcismonturiol\/wp-json\/wp\/v2\/users\/1"}],"replies":[{"embeddable":true,"href":"https:\/\/agora.xtec.cat\/ceipnarcismonturiol\/wp-json\/wp\/v2\/comments?post=1922"}],"version-history":[{"count":1,"href":"https:\/\/agora.xtec.cat\/ceipnarcismonturiol\/wp-json\/wp\/v2\/posts\/1922\/revisions"}],"predecessor-version":[{"id":1927,"href":"https:\/\/agora.xtec.cat\/ceipnarcismonturiol\/wp-json\/wp\/v2\/posts\/1922\/revisions\/1927"}],"wp:featuredmedia":[{"embeddable":true,"href":"https:\/\/agora.xtec.cat\/ceipnarcismonturiol\/wp-json\/wp\/v2\/media\/1923"}],"wp:attachment":[{"href":"https:\/\/agora.xtec.cat\/ceipnarcismonturiol\/wp-json\/wp\/v2\/media?parent=1922"}],"wp:term":[{"taxonomy":"category","embeddable":true,"href":"https:\/\/agora.xtec.cat\/ceipnarcismonturiol\/wp-json\/wp\/v2\/categories?post=1922"},{"taxonomy":"post_tag","embeddable":true,"href":"https:\/\/agora.xtec.cat\/ceipnarcismonturiol\/wp-json\/wp\/v2\/tags?post=1922"}],"curies":[{"name":"wp","href":"https:\/\/api.w.org\/{rel}","templated":true}]}}