{"id":1895,"date":"2024-03-01T12:32:22","date_gmt":"2024-03-01T11:32:22","guid":{"rendered":"https:\/\/agora.xtec.cat\/ceipnarcismonturiol\/?p=1895"},"modified":"2024-03-06T12:32:33","modified_gmt":"2024-03-06T11:32:33","slug":"musica-mes-de-marc","status":"publish","type":"post","link":"https:\/\/agora.xtec.cat\/ceipnarcismonturiol\/general\/musica-mes-de-marc\/","title":{"rendered":"M\u00daSICA MES DE MAR\u00c7"},"content":{"rendered":"<p>Benvolgudes fam\u00edlies<span class=\"hiddenGrammarError\" style=\"padding-bottom: 2px; background-image: url('..\/..\/..\/..\/..\/images\/squiggle.png'); background-repeat: repeat-x; background-position: left bottom; cursor: default; color: #000000; font-family: 'Open Sans', Helvetica, Arial, sans-serif; font-size: 16px; font-style: normal; font-variant-ligatures: normal; font-variant-caps: normal; font-weight: 300; letter-spacing: normal; orphans: 2; text-align: start; text-indent: 0px; text-transform: none; widows: 2; word-spacing: 0px; -webkit-text-stroke-width: 0px; white-space: normal; text-decoration-thickness: initial; text-decoration-style: initial; text-decoration-color: initial;\">,<br \/>\nAquest<\/span>\u00a0mes de mar\u00e7 a les entrades i sortides de l&#8217;escola escoltem la can\u00e7\u00f3 &#8220;Portlligat&#8221; de\u00a0<span class=\"hiddenSpellError\" style=\"padding-bottom: 2px; background-image: url('..\/..\/..\/..\/..\/images\/squiggle_red.png'); background-repeat: repeat-x; background-position: left bottom; cursor: default; color: #000000; font-family: 'Open Sans', Helvetica, Arial, sans-serif; font-size: 16px; font-style: normal; font-variant-ligatures: normal; font-variant-caps: normal; font-weight: 300; letter-spacing: normal; orphans: 2; text-align: start; text-indent: 0px; text-transform: none; widows: 2; word-spacing: 0px; -webkit-text-stroke-width: 0px; white-space: normal; text-decoration-thickness: initial; text-decoration-style: initial; text-decoration-color: initial;\">Sidonie<\/span>\u00a0que l&#8217;ha escollit l&#8217;alumnat de Segon.<br \/>\nEsperem que us agradi!<\/p>\n<p><iframe loading=\"lazy\" title=\"Sidonie - Portlligat\" width=\"500\" height=\"375\" src=\"https:\/\/www.youtube.com\/embed\/_tw5xxHzBpk?feature=oembed\" frameborder=\"0\" allow=\"accelerometer; autoplay; clipboard-write; encrypted-media; gyroscope; picture-in-picture; web-share\" referrerpolicy=\"strict-origin-when-cross-origin\" allowfullscreen><\/iframe><\/p>\n<p>&nbsp;<\/p>\n","protected":false},"excerpt":{"rendered":"<p>Benvolgudes fam\u00edlies,<br \/>\nAquest\u00a0mes de mar\u00e7 a les entrades i sortides de l&#8217;escola escoltem la can\u00e7\u00f3 &#8220;Portlligat&#8221; de\u00a0Sidonie\u00a0que l&#8217;ha escollit l&#8217;alumnat de Segon.<br \/>\nEsperem que us agradi!<\/p>\n<p>&nbsp;<\/p>\n","protected":false},"author":1,"featured_media":1896,"comment_status":"closed","ping_status":"closed","sticky":false,"template":"","format":"standard","meta":{"_bbp_topic_count":0,"_bbp_reply_count":0,"_bbp_total_topic_count":0,"_bbp_total_reply_count":0,"_bbp_voice_count":0,"_bbp_anonymous_reply_count":0,"_bbp_topic_count_hidden":0,"_bbp_reply_count_hidden":0,"_bbp_forum_subforum_count":0,"footnotes":""},"categories":[1,4],"tags":[],"class_list":["post-1895","post","type-post","status-publish","format-standard","has-post-thumbnail","hentry","category-general","category-portada"],"post_mailing_queue_ids":[],"_links":{"self":[{"href":"https:\/\/agora.xtec.cat\/ceipnarcismonturiol\/wp-json\/wp\/v2\/posts\/1895","targetHints":{"allow":["GET"]}}],"collection":[{"href":"https:\/\/agora.xtec.cat\/ceipnarcismonturiol\/wp-json\/wp\/v2\/posts"}],"about":[{"href":"https:\/\/agora.xtec.cat\/ceipnarcismonturiol\/wp-json\/wp\/v2\/types\/post"}],"author":[{"embeddable":true,"href":"https:\/\/agora.xtec.cat\/ceipnarcismonturiol\/wp-json\/wp\/v2\/users\/1"}],"replies":[{"embeddable":true,"href":"https:\/\/agora.xtec.cat\/ceipnarcismonturiol\/wp-json\/wp\/v2\/comments?post=1895"}],"version-history":[{"count":1,"href":"https:\/\/agora.xtec.cat\/ceipnarcismonturiol\/wp-json\/wp\/v2\/posts\/1895\/revisions"}],"predecessor-version":[{"id":1897,"href":"https:\/\/agora.xtec.cat\/ceipnarcismonturiol\/wp-json\/wp\/v2\/posts\/1895\/revisions\/1897"}],"wp:featuredmedia":[{"embeddable":true,"href":"https:\/\/agora.xtec.cat\/ceipnarcismonturiol\/wp-json\/wp\/v2\/media\/1896"}],"wp:attachment":[{"href":"https:\/\/agora.xtec.cat\/ceipnarcismonturiol\/wp-json\/wp\/v2\/media?parent=1895"}],"wp:term":[{"taxonomy":"category","embeddable":true,"href":"https:\/\/agora.xtec.cat\/ceipnarcismonturiol\/wp-json\/wp\/v2\/categories?post=1895"},{"taxonomy":"post_tag","embeddable":true,"href":"https:\/\/agora.xtec.cat\/ceipnarcismonturiol\/wp-json\/wp\/v2\/tags?post=1895"}],"curies":[{"name":"wp","href":"https:\/\/api.w.org\/{rel}","templated":true}]}}