{"id":1887,"date":"2024-03-05T21:03:29","date_gmt":"2024-03-05T20:03:29","guid":{"rendered":"https:\/\/agora.xtec.cat\/ceipnarcismonturiol\/?p=1887"},"modified":"2024-03-05T21:03:29","modified_gmt":"2024-03-05T20:03:29","slug":"jornada-esportiva-6e","status":"publish","type":"post","link":"https:\/\/agora.xtec.cat\/ceipnarcismonturiol\/general\/jornada-esportiva-6e\/","title":{"rendered":"JORNADA ESPORTIVA &#8211; 6\u00c8"},"content":{"rendered":"<p><span style=\"font-weight: 400;\">El passat dijous, l\u2019alumnat de 6\u00e8 va assistir a les Jornades Esportives que van organitzar des de l\u2019institut Illa de Rodes. Durant el mat\u00ed, l\u2019alumnat va realitzar diferents jocs acompanyats de l\u2019escola Vicens Vives.\u00a0<\/span><\/p>\n<p><span style=\"font-weight: 400;\">La veritat que s\u2019ho han passat d&#8217;all\u00f2 m\u00e9s b\u00e9! Ho voleu veure? <\/span><\/p>\n<p><a href=\"https:\/\/agora.xtec.cat\/ceipnarcismonturiol\/general\/jornada\/\"><img loading=\"lazy\" decoding=\"async\" class=\"wp-image-1890 aligncenter\" src=\"https:\/\/agora.xtec.cat\/ceipnarcismonturiol\/wp-content\/uploads\/usu821\/2024\/03\/Captura-de-pantalla-2.png\" alt=\"\" width=\"507\" height=\"351\" srcset=\"https:\/\/agora.xtec.cat\/ceipnarcismonturiol\/wp-content\/uploads\/usu821\/2024\/03\/Captura-de-pantalla-2.png 865w, https:\/\/agora.xtec.cat\/ceipnarcismonturiol\/wp-content\/uploads\/usu821\/2024\/03\/Captura-de-pantalla-2-300x208.png 300w, https:\/\/agora.xtec.cat\/ceipnarcismonturiol\/wp-content\/uploads\/usu821\/2024\/03\/Captura-de-pantalla-2-768x532.png 768w\" sizes=\"auto, (max-width: 507px) 100vw, 507px\" \/><\/a><\/p>\n<p><b>Recordem que per visualitzar les imatges vau rebre un \u201cTokApp\u201d amb el codi per a accedir-hi.<\/b><\/p>\n","protected":false},"excerpt":{"rendered":"<p>El passat dijous, l\u2019alumnat de 6\u00e8 va assistir a les Jornades Esportives que van organitzar des de l\u2019institut Illa de Rodes. Durant el mat\u00ed, l\u2019alumnat va realitzar diferents jocs acompanyats de l\u2019escola Vicens Vives.\u00a0<br \/>\nLa veritat que s\u2019ho han passat d&#8217;all\u00f2 m\u00e9s b\u00e9! Ho voleu veure?&hellip;  <a href=\"https:\/\/agora.xtec.cat\/ceipnarcismonturiol\/general\/jornada-esportiva-6e\/\" title=\"Read JORNADA ESPORTIVA &#8211; 6\u00c8\">Llegeix m\u00e9s\u00bb<\/a><\/p>\n","protected":false},"author":1,"featured_media":1890,"comment_status":"closed","ping_status":"closed","sticky":false,"template":"","format":"standard","meta":{"_bbp_topic_count":0,"_bbp_reply_count":0,"_bbp_total_topic_count":0,"_bbp_total_reply_count":0,"_bbp_voice_count":0,"_bbp_anonymous_reply_count":0,"_bbp_topic_count_hidden":0,"_bbp_reply_count_hidden":0,"_bbp_forum_subforum_count":0,"footnotes":""},"categories":[14,1,4],"tags":[],"class_list":["post-1887","post","type-post","status-publish","format-standard","has-post-thumbnail","hentry","category-cs","category-general","category-portada"],"post_mailing_queue_ids":[],"_links":{"self":[{"href":"https:\/\/agora.xtec.cat\/ceipnarcismonturiol\/wp-json\/wp\/v2\/posts\/1887","targetHints":{"allow":["GET"]}}],"collection":[{"href":"https:\/\/agora.xtec.cat\/ceipnarcismonturiol\/wp-json\/wp\/v2\/posts"}],"about":[{"href":"https:\/\/agora.xtec.cat\/ceipnarcismonturiol\/wp-json\/wp\/v2\/types\/post"}],"author":[{"embeddable":true,"href":"https:\/\/agora.xtec.cat\/ceipnarcismonturiol\/wp-json\/wp\/v2\/users\/1"}],"replies":[{"embeddable":true,"href":"https:\/\/agora.xtec.cat\/ceipnarcismonturiol\/wp-json\/wp\/v2\/comments?post=1887"}],"version-history":[{"count":1,"href":"https:\/\/agora.xtec.cat\/ceipnarcismonturiol\/wp-json\/wp\/v2\/posts\/1887\/revisions"}],"predecessor-version":[{"id":1894,"href":"https:\/\/agora.xtec.cat\/ceipnarcismonturiol\/wp-json\/wp\/v2\/posts\/1887\/revisions\/1894"}],"wp:featuredmedia":[{"embeddable":true,"href":"https:\/\/agora.xtec.cat\/ceipnarcismonturiol\/wp-json\/wp\/v2\/media\/1890"}],"wp:attachment":[{"href":"https:\/\/agora.xtec.cat\/ceipnarcismonturiol\/wp-json\/wp\/v2\/media?parent=1887"}],"wp:term":[{"taxonomy":"category","embeddable":true,"href":"https:\/\/agora.xtec.cat\/ceipnarcismonturiol\/wp-json\/wp\/v2\/categories?post=1887"},{"taxonomy":"post_tag","embeddable":true,"href":"https:\/\/agora.xtec.cat\/ceipnarcismonturiol\/wp-json\/wp\/v2\/tags?post=1887"}],"curies":[{"name":"wp","href":"https:\/\/api.w.org\/{rel}","templated":true}]}}