{"id":1804,"date":"2024-02-22T17:51:47","date_gmt":"2024-02-22T16:51:47","guid":{"rendered":"https:\/\/agora.xtec.cat\/ceipnarcismonturiol\/?p=1804"},"modified":"2024-03-05T20:46:21","modified_gmt":"2024-03-05T19:46:21","slug":"tallers-la-cadena-i-continuem-una-historia-4t","status":"publish","type":"post","link":"https:\/\/agora.xtec.cat\/ceipnarcismonturiol\/general\/tallers-la-cadena-i-continuem-una-historia-4t\/","title":{"rendered":"TALLERS &#8220;LA CADENA&#8221; I &#8220;CONTINUEM UNA HIST\u00d2RIA&#8221; &#8211; 4T"},"content":{"rendered":"<p><span style=\"font-weight: 400;\">Aquesta setmana en Marc ens ha vingut a fer uns tallers on hem pogut expressar les nostres emocions aix\u00ed com experimentar l\u2019empatia vers els altres. Ens ha ajudat molt a regular el nostre estat d\u2019\u00e0nim i ajudar als altres per sentir-nos tots part del grup i no deixar ning\u00fa enrere. Les hist\u00f2ries que ens ha explicat tenen un lligam amb el nostre entorn m\u00e9s proper i ens serviran com a reflexi\u00f3 personal al llarg de<\/span><span style=\"font-weight: 400;\"> la nostra vida.<\/span><\/p>\n<p><span style=\"font-weight: 400;\"><a href=\"https:\/\/agora.xtec.cat\/ceipnarcismonturiol\/general\/tallers\/\"><img loading=\"lazy\" decoding=\"async\" class=\"wp-image-1805 aligncenter\" src=\"https:\/\/agora.xtec.cat\/ceipnarcismonturiol\/wp-content\/uploads\/usu821\/2024\/02\/Captura-5.png\" alt=\"\" width=\"388\" height=\"290\" srcset=\"https:\/\/agora.xtec.cat\/ceipnarcismonturiol\/wp-content\/uploads\/usu821\/2024\/02\/Captura-5.png 1003w, https:\/\/agora.xtec.cat\/ceipnarcismonturiol\/wp-content\/uploads\/usu821\/2024\/02\/Captura-5-300x225.png 300w, https:\/\/agora.xtec.cat\/ceipnarcismonturiol\/wp-content\/uploads\/usu821\/2024\/02\/Captura-5-768x575.png 768w, https:\/\/agora.xtec.cat\/ceipnarcismonturiol\/wp-content\/uploads\/usu821\/2024\/02\/Captura-5-200x150.png 200w\" sizes=\"auto, (max-width: 388px) 100vw, 388px\" \/><\/a><\/span><\/p>\n<p><strong>Recordem que per visualitzar les imatges rebreu un \u201c<span class=\"hiddenSpellError\">Tok<\/span>App\u201d amb el codi per a accedir-hi.<\/strong><\/p>\n","protected":false},"excerpt":{"rendered":"<p>Aquesta setmana en Marc ens ha vingut a fer uns tallers on hem pogut expressar les nostres emocions aix\u00ed com experimentar l\u2019empatia vers els altres. Ens ha ajudat molt a regular el nostre estat d\u2019\u00e0nim i ajudar als altres per sentir-nos tots part del grup&hellip;  <a href=\"https:\/\/agora.xtec.cat\/ceipnarcismonturiol\/general\/tallers-la-cadena-i-continuem-una-historia-4t\/\" title=\"Read TALLERS &#8220;LA CADENA&#8221; I &#8220;CONTINUEM UNA HIST\u00d2RIA&#8221; &#8211; 4T\">Llegeix m\u00e9s\u00bb<\/a><\/p>\n","protected":false},"author":1,"featured_media":1805,"comment_status":"closed","ping_status":"closed","sticky":false,"template":"","format":"standard","meta":{"_bbp_topic_count":0,"_bbp_reply_count":0,"_bbp_total_topic_count":0,"_bbp_total_reply_count":0,"_bbp_voice_count":0,"_bbp_anonymous_reply_count":0,"_bbp_topic_count_hidden":0,"_bbp_reply_count_hidden":0,"_bbp_forum_subforum_count":0,"footnotes":""},"categories":[12,1,4],"tags":[],"class_list":["post-1804","post","type-post","status-publish","format-standard","has-post-thumbnail","hentry","category-cm","category-general","category-portada"],"post_mailing_queue_ids":[],"_links":{"self":[{"href":"https:\/\/agora.xtec.cat\/ceipnarcismonturiol\/wp-json\/wp\/v2\/posts\/1804","targetHints":{"allow":["GET"]}}],"collection":[{"href":"https:\/\/agora.xtec.cat\/ceipnarcismonturiol\/wp-json\/wp\/v2\/posts"}],"about":[{"href":"https:\/\/agora.xtec.cat\/ceipnarcismonturiol\/wp-json\/wp\/v2\/types\/post"}],"author":[{"embeddable":true,"href":"https:\/\/agora.xtec.cat\/ceipnarcismonturiol\/wp-json\/wp\/v2\/users\/1"}],"replies":[{"embeddable":true,"href":"https:\/\/agora.xtec.cat\/ceipnarcismonturiol\/wp-json\/wp\/v2\/comments?post=1804"}],"version-history":[{"count":2,"href":"https:\/\/agora.xtec.cat\/ceipnarcismonturiol\/wp-json\/wp\/v2\/posts\/1804\/revisions"}],"predecessor-version":[{"id":1888,"href":"https:\/\/agora.xtec.cat\/ceipnarcismonturiol\/wp-json\/wp\/v2\/posts\/1804\/revisions\/1888"}],"wp:featuredmedia":[{"embeddable":true,"href":"https:\/\/agora.xtec.cat\/ceipnarcismonturiol\/wp-json\/wp\/v2\/media\/1805"}],"wp:attachment":[{"href":"https:\/\/agora.xtec.cat\/ceipnarcismonturiol\/wp-json\/wp\/v2\/media?parent=1804"}],"wp:term":[{"taxonomy":"category","embeddable":true,"href":"https:\/\/agora.xtec.cat\/ceipnarcismonturiol\/wp-json\/wp\/v2\/categories?post=1804"},{"taxonomy":"post_tag","embeddable":true,"href":"https:\/\/agora.xtec.cat\/ceipnarcismonturiol\/wp-json\/wp\/v2\/tags?post=1804"}],"curies":[{"name":"wp","href":"https:\/\/api.w.org\/{rel}","templated":true}]}}