{"id":1761,"date":"2024-02-06T22:43:53","date_gmt":"2024-02-06T21:43:53","guid":{"rendered":"https:\/\/agora.xtec.cat\/ceipnarcismonturiol\/?p=1761"},"modified":"2024-02-14T18:31:30","modified_gmt":"2024-02-14T17:31:30","slug":"acomiadament-pollancre-2","status":"publish","type":"post","link":"https:\/\/agora.xtec.cat\/ceipnarcismonturiol\/general\/acomiadament-pollancre-2\/","title":{"rendered":"ACOMIADAMENT POLLANCRE"},"content":{"rendered":"<p><span style=\"font-weight: 400;\">Aquests dies estem acomiadant el nostre estimat pollancre, que retiraran del pati d\u2019Infantil a partir de la setmana vinent despr\u00e9s de m\u00e9s de 8 d\u00e8cades acompanyant-nos, degut a que est\u00e0 en estat senil.<\/span><\/p>\n<p><span style=\"font-weight: 400;\">Cada grup ha anat a fer-li una abra\u00e7ada i s\u2019ha fet una foto amb ell per tal de tenir-ne un record. Aquesta tarda li hem fet un homenatge, en el qual li hem llegit una carta i hem ballat al seu voltant per \u00faltima vegada.<\/span><\/p>\n<p><a href=\"https:\/\/agora.xtec.cat\/ceipnarcismonturiol\/general\/acomiadament-pollancre\/\"><img loading=\"lazy\" decoding=\"async\" class=\" wp-image-1766 aligncenter\" src=\"https:\/\/agora.xtec.cat\/ceipnarcismonturiol\/wp-content\/uploads\/usu821\/2024\/02\/1111.jpg\" alt=\"\" width=\"256\" height=\"417\" srcset=\"https:\/\/agora.xtec.cat\/ceipnarcismonturiol\/wp-content\/uploads\/usu821\/2024\/02\/1111.jpg 373w, https:\/\/agora.xtec.cat\/ceipnarcismonturiol\/wp-content\/uploads\/usu821\/2024\/02\/1111-184x300.jpg 184w\" sizes=\"auto, (max-width: 256px) 100vw, 256px\" \/><\/a><\/p>\n<p><span style=\"font-weight: 400;\">Per tal que la seva pres\u00e8ncia romangui a l\u2019escola molts anys m\u00e9s est\u00e0 previst tamb\u00e9 penjar una gran foto al vest\u00edbul i fer algun mobiliari, trofeu o escultura si es pot aprofitar la seva fusta.<\/span><\/p>\n<p><strong>Recordem que per visualitzar les imatges rebreu un \u201c<span class=\"hiddenSpellError\">Tok<\/span>App\u201d amb el codi per a accedir-hi.<\/strong><\/p>\n","protected":false},"excerpt":{"rendered":"<p>Aquests dies estem acomiadant el nostre estimat pollancre, que retiraran del pati d\u2019Infantil a partir de la setmana vinent despr\u00e9s de m\u00e9s de 8 d\u00e8cades acompanyant-nos, degut a que est\u00e0 en estat senil.<br \/>\nCada grup ha anat a fer-li una abra\u00e7ada i s\u2019ha fet una foto&hellip;  <a href=\"https:\/\/agora.xtec.cat\/ceipnarcismonturiol\/general\/acomiadament-pollancre-2\/\" title=\"Read ACOMIADAMENT POLLANCRE\">Llegeix m\u00e9s\u00bb<\/a><\/p>\n","protected":false},"author":1,"featured_media":1766,"comment_status":"closed","ping_status":"closed","sticky":false,"template":"","format":"standard","meta":{"_bbp_topic_count":0,"_bbp_reply_count":0,"_bbp_total_topic_count":0,"_bbp_total_reply_count":0,"_bbp_voice_count":0,"_bbp_anonymous_reply_count":0,"_bbp_topic_count_hidden":0,"_bbp_reply_count_hidden":0,"_bbp_forum_subforum_count":0,"footnotes":""},"categories":[1,4,5],"tags":[],"class_list":["post-1761","post","type-post","status-publish","format-standard","has-post-thumbnail","hentry","category-general","category-portada","category-primaria"],"post_mailing_queue_ids":[],"_links":{"self":[{"href":"https:\/\/agora.xtec.cat\/ceipnarcismonturiol\/wp-json\/wp\/v2\/posts\/1761","targetHints":{"allow":["GET"]}}],"collection":[{"href":"https:\/\/agora.xtec.cat\/ceipnarcismonturiol\/wp-json\/wp\/v2\/posts"}],"about":[{"href":"https:\/\/agora.xtec.cat\/ceipnarcismonturiol\/wp-json\/wp\/v2\/types\/post"}],"author":[{"embeddable":true,"href":"https:\/\/agora.xtec.cat\/ceipnarcismonturiol\/wp-json\/wp\/v2\/users\/1"}],"replies":[{"embeddable":true,"href":"https:\/\/agora.xtec.cat\/ceipnarcismonturiol\/wp-json\/wp\/v2\/comments?post=1761"}],"version-history":[{"count":4,"href":"https:\/\/agora.xtec.cat\/ceipnarcismonturiol\/wp-json\/wp\/v2\/posts\/1761\/revisions"}],"predecessor-version":[{"id":1779,"href":"https:\/\/agora.xtec.cat\/ceipnarcismonturiol\/wp-json\/wp\/v2\/posts\/1761\/revisions\/1779"}],"wp:featuredmedia":[{"embeddable":true,"href":"https:\/\/agora.xtec.cat\/ceipnarcismonturiol\/wp-json\/wp\/v2\/media\/1766"}],"wp:attachment":[{"href":"https:\/\/agora.xtec.cat\/ceipnarcismonturiol\/wp-json\/wp\/v2\/media?parent=1761"}],"wp:term":[{"taxonomy":"category","embeddable":true,"href":"https:\/\/agora.xtec.cat\/ceipnarcismonturiol\/wp-json\/wp\/v2\/categories?post=1761"},{"taxonomy":"post_tag","embeddable":true,"href":"https:\/\/agora.xtec.cat\/ceipnarcismonturiol\/wp-json\/wp\/v2\/tags?post=1761"}],"curies":[{"name":"wp","href":"https:\/\/api.w.org\/{rel}","templated":true}]}}